{"id":44905,"date":"2023-09-07T18:58:11","date_gmt":"2023-09-08T00:58:11","guid":{"rendered":"https:\/\/encuentroinformativo.com.mx\/?p=44905"},"modified":"2023-09-07T18:58:15","modified_gmt":"2023-09-08T00:58:15","slug":"presentan-senadores-queja-ante-cndh-acusan-hacinamiento-en-el-penalito","status":"publish","type":"post","link":"https:\/\/encuentroinformativo.com.mx\/?p=44905","title":{"rendered":"Presentan senadores queja ante CNDH, acusan hacinamiento en El Penalito"},"content":{"rendered":"\n<p><strong>Eirinet G\u00f3mez<\/strong><\/p>\n\n\n\n<p>Xalapa, Ver.- Senadores de la Rep\u00fablica presentaron una queja ante la Comisi\u00f3n Nacional de Derechos Humanos (CNDH) por hacinamiento y condiciones infrahumanas que prevalecen en el centro de detenci\u00f3n El Penalito, en el puerto de Veracruz.<\/p>\n\n\n\n<p>As\u00ed lo inform\u00f3 el activista y secretario t\u00e9cnico del Senado de la Rep\u00fablica, Jos\u00e9 Manuel Del R\u00edo Virgen quien visit\u00f3 El Penalito, acompa\u00f1ado de tres madres que tienen a sus hijos detenidos en esas instalaciones, y pudo constatar las condiciones inhumanas en las que se encuentran.<\/p>\n\n\n\n<p>En el sitio, los reclusos deben soportar temperaturas de 45 grados cent\u00edgrados, no poder ba\u00f1arse, o no poder ni siquiera dormir acostados. Y no pueden recibir visitas porque no hay espacio destinado para ello.<\/p>\n\n\n\n<p>\u201cEst\u00e1 peor que las c\u00e1rceles tailandesas\u201d, describi\u00f3 Del R\u00edo Virgen, que luego de visitar el Penalito llev\u00f3 el tema ante Senadores de la Rep\u00fablica, quienes a su vez decidieron suscribir la queja que este 6 de septiembre fue remitida a la CNDH, que preside Rosario Piedra Ibarra.<\/p>\n\n\n\n<p>En el escrito remitido a la CNDH, los senadores de la Rep\u00fablica, Silvana Beltrones, Eruviel \u00c1vila, Julen Rementer\u00eda, Mar\u00eda Graciela Gaitan y No\u00e9 Casta\u00f1\u00f3n Ramirez solicitaron la pronta intervenci\u00f3n para que representantes de la Tercera Visitadur\u00eda realicen una visita carcelaria con car\u00e1cter de urgente al centro de detenci\u00f3n, y se emitan las recomendaciones al gobierno del estado.<\/p>\n\n\n\n<p>El Penalito alberga a 65 personas (59 hombres y seis mujeres) pero no es un espacio acondicionado para ser un centro de reclusi\u00f3n, sino un espacio transitorio para las personas cuyas audiencias sucedan en los juzgados de proceso y procedimiento penal oral en el puerto de Veracruz, y que de resultar vinculadas y con la medida cautelar de prisi\u00f3n preventiva, deber\u00e1n ser trasladados a penales con las condiciones adecuadas de internamiento.<\/p>\n\n\n\n<p>Del R\u00edo Virgen, tras estar recluido de manera arbitraria en Veracruz emprendi\u00f3 el Proyecto Inocencia, que consiste en atraer la defensa de personas que se encuentran detenidas injustamente. Dijo que a trav\u00e9s de este Proyecto tambi\u00e9n revisar\u00e1 las condiciones en que operan los centros de readaptaci\u00f3n social en la entidad.<\/p>\n\n\n\n<figure class=\"wp-block-image size-large\"><img loading=\"lazy\" decoding=\"async\" width=\"768\" height=\"1024\" src=\"https:\/\/encuentroinformativo.com.mx\/wp-content\/uploads\/2023\/09\/IMG-20230907-WA0133-768x1024.jpg\" alt=\"\" class=\"wp-image-44906\" srcset=\"https:\/\/encuentroinformativo.com.mx\/wp-content\/uploads\/2023\/09\/IMG-20230907-WA0133-768x1024.jpg 768w, https:\/\/encuentroinformativo.com.mx\/wp-content\/uploads\/2023\/09\/IMG-20230907-WA0133-225x300.jpg 225w, https:\/\/encuentroinformativo.com.mx\/wp-content\/uploads\/2023\/09\/IMG-20230907-WA0133-1152x1536.jpg 1152w, https:\/\/encuentroinformativo.com.mx\/wp-content\/uploads\/2023\/09\/IMG-20230907-WA0133.jpg 1200w\" sizes=\"auto, (max-width: 768px) 100vw, 768px\" \/><\/figure>\n","protected":false},"excerpt":{"rendered":"<p>Eirinet G\u00f3mez Xalapa, Ver.- Senadores de la Rep\u00fablica presentaron una queja ante la Comisi\u00f3n Nacional de Derechos Humanos (CNDH) por hacinamiento y condiciones infrahumanas que prevalecen en el centro de detenci\u00f3n El Penalito, en el puerto de Veracruz. As\u00ed lo inform\u00f3 el activista y secretario t\u00e9cnico del Senado de la Rep\u00fablica, Jos\u00e9 Manuel Del R\u00edo [&hellip;]<\/p>\n","protected":false},"author":2476,"featured_media":44906,"comment_status":"open","ping_status":"open","sticky":false,"template":"","format":"standard","meta":{"_jetpack_memberships_contains_paid_content":false,"footnotes":""},"categories":[2],"tags":[],"class_list":["post-44905","post","type-post","status-publish","format-standard","has-post-thumbnail","hentry","category-estado"],"jetpack_featured_media_url":"https:\/\/encuentroinformativo.com.mx\/wp-content\/uploads\/2023\/09\/IMG-20230907-WA0133.jpg","jetpack_sharing_enabled":true,"jetpack_likes_enabled":true,"amp_enabled":true,"_links":{"self":[{"href":"https:\/\/encuentroinformativo.com.mx\/index.php?rest_route=\/wp\/v2\/posts\/44905","targetHints":{"allow":["GET"]}}],"collection":[{"href":"https:\/\/encuentroinformativo.com.mx\/index.php?rest_route=\/wp\/v2\/posts"}],"about":[{"href":"https:\/\/encuentroinformativo.com.mx\/index.php?rest_route=\/wp\/v2\/types\/post"}],"author":[{"embeddable":true,"href":"https:\/\/encuentroinformativo.com.mx\/index.php?rest_route=\/wp\/v2\/users\/2476"}],"replies":[{"embeddable":true,"href":"https:\/\/encuentroinformativo.com.mx\/index.php?rest_route=%2Fwp%2Fv2%2Fcomments&post=44905"}],"version-history":[{"count":1,"href":"https:\/\/encuentroinformativo.com.mx\/index.php?rest_route=\/wp\/v2\/posts\/44905\/revisions"}],"predecessor-version":[{"id":44907,"href":"https:\/\/encuentroinformativo.com.mx\/index.php?rest_route=\/wp\/v2\/posts\/44905\/revisions\/44907"}],"wp:featuredmedia":[{"embeddable":true,"href":"https:\/\/encuentroinformativo.com.mx\/index.php?rest_route=\/wp\/v2\/media\/44906"}],"wp:attachment":[{"href":"https:\/\/encuentroinformativo.com.mx\/index.php?rest_route=%2Fwp%2Fv2%2Fmedia&parent=44905"}],"wp:term":[{"taxonomy":"category","embeddable":true,"href":"https:\/\/encuentroinformativo.com.mx\/index.php?rest_route=%2Fwp%2Fv2%2Fcategories&post=44905"},{"taxonomy":"post_tag","embeddable":true,"href":"https:\/\/encuentroinformativo.com.mx\/index.php?rest_route=%2Fwp%2Fv2%2Ftags&post=44905"}],"curies":[{"name":"wp","href":"https:\/\/api.w.org\/{rel}","templated":true}]}}