{"id":44910,"date":"2023-09-07T19:22:52","date_gmt":"2023-09-08T01:22:52","guid":{"rendered":"https:\/\/encuentroinformativo.com.mx\/?p=44910"},"modified":"2023-09-07T19:22:57","modified_gmt":"2023-09-08T01:22:57","slug":"cafeticultores-administraran-hidroelectrica-de-misantla-rocio-nahle","status":"publish","type":"post","link":"https:\/\/encuentroinformativo.com.mx\/?p=44910","title":{"rendered":"Cafeticultores administrar\u00e1n hidroel\u00e9ctrica de Misantla: Roc\u00edo Nahle"},"content":{"rendered":"\n<p><strong>Alejandro \u00c1vila<\/strong><\/p>\n\n\n\n<p>Misantla, Ver.- La secretaria de Energ\u00eda, Roc\u00edo Nahle Garc\u00eda, inform\u00f3 este jueves durante la inauguraci\u00f3n de la microhidroel\u00e9ctrica en el municipio de Misantla, que esta ser\u00e1 administrada por los cafeticultores de la regi\u00f3n.<\/p>\n\n\n\n<p>En el complejo que quedar\u00e1 instalado en la localidad de Salvador D\u00edaz Mir\u00f3n, se invertir\u00e1n siete y medio millones de pesos del Fondo para la Transici\u00f3n Energ\u00e9tica y el Aprovechamiento Sustentable de Energ\u00eda.<\/p>\n\n\n\n<p>Este proyecto dotar\u00e1 de energ\u00eda el\u00e9ctrica gratuita a 260 cafeticultores de la regi\u00f3n, adem\u00e1s de otros 1 042 habitantes beneficiados, los cuales tendr\u00e1n un ahorro de al menos 200 mil pesos en el pago anual de energ\u00eda, y se estima que las ventas de caf\u00e9 registren un repunte de hasta de 800 mil pesos.&nbsp;<\/p>\n\n\n\n<p>\u201cLa electricidad que va a generar va directo al consumo de los cafeticultores gratis y ayudar\u00e1 a disminuir los recibos de CFE que recibe la gente\u201d, enfatiz\u00f3.&nbsp;<\/p>\n\n\n\n<p>El objetivo de esta obra es promover el uso eficiente de energ\u00eda mediante la adopci\u00f3n de tecnolog\u00eda que ofrezca mayor eficiencia energ\u00e9tica, as\u00ed como fomentar el aprovechamiento de fuentes renovables de energ\u00eda y biocombustibles e impulsar la eficiencia y tecnolog\u00eda limpia.<\/p>\n\n\n\n<p>Asimismo, el beneficio tambi\u00e9n incluye la electrificaci\u00f3n de los espacios p\u00fablicos, as\u00ed como la sostenibilidad y capacitaci\u00f3n que esta inversi\u00f3n genera, al tiempo que motiva la coordinaci\u00f3n entre varias instancias p\u00fablicas como la Secretar\u00eda de Energ\u00eda, CFE, Instituto Tecnol\u00f3gico de Misantla y el Ayuntamiento misanteco.<\/p>\n\n\n\n<p>Con este proyecto se aprovechar\u00e1 la ca\u00edda del arroyo \u2018El Salto\u2019 para generar energ\u00eda el\u00e9ctrica con mayor eficiencia y una capacidad de an\u00e1lisis de 7.5 kilowatts.&nbsp;<\/p>\n","protected":false},"excerpt":{"rendered":"<p>Alejandro \u00c1vila Misantla, Ver.- La secretaria de Energ\u00eda, Roc\u00edo Nahle Garc\u00eda, inform\u00f3 este jueves durante la inauguraci\u00f3n de la microhidroel\u00e9ctrica en el municipio de Misantla, que esta ser\u00e1 administrada por los cafeticultores de la regi\u00f3n. En el complejo que quedar\u00e1 instalado en la localidad de Salvador D\u00edaz Mir\u00f3n, se invertir\u00e1n siete y medio millones de [&hellip;]<\/p>\n","protected":false},"author":2476,"featured_media":44911,"comment_status":"open","ping_status":"open","sticky":false,"template":"","format":"standard","meta":{"_jetpack_memberships_contains_paid_content":false,"footnotes":""},"categories":[2],"tags":[],"class_list":["post-44910","post","type-post","status-publish","format-standard","has-post-thumbnail","hentry","category-estado"],"jetpack_featured_media_url":"https:\/\/encuentroinformativo.com.mx\/wp-content\/uploads\/2023\/09\/IMG-20230907-WA01362.jpg","jetpack_sharing_enabled":true,"jetpack_likes_enabled":true,"amp_enabled":true,"_links":{"self":[{"href":"https:\/\/encuentroinformativo.com.mx\/index.php?rest_route=\/wp\/v2\/posts\/44910","targetHints":{"allow":["GET"]}}],"collection":[{"href":"https:\/\/encuentroinformativo.com.mx\/index.php?rest_route=\/wp\/v2\/posts"}],"about":[{"href":"https:\/\/encuentroinformativo.com.mx\/index.php?rest_route=\/wp\/v2\/types\/post"}],"author":[{"embeddable":true,"href":"https:\/\/encuentroinformativo.com.mx\/index.php?rest_route=\/wp\/v2\/users\/2476"}],"replies":[{"embeddable":true,"href":"https:\/\/encuentroinformativo.com.mx\/index.php?rest_route=%2Fwp%2Fv2%2Fcomments&post=44910"}],"version-history":[{"count":1,"href":"https:\/\/encuentroinformativo.com.mx\/index.php?rest_route=\/wp\/v2\/posts\/44910\/revisions"}],"predecessor-version":[{"id":44912,"href":"https:\/\/encuentroinformativo.com.mx\/index.php?rest_route=\/wp\/v2\/posts\/44910\/revisions\/44912"}],"wp:featuredmedia":[{"embeddable":true,"href":"https:\/\/encuentroinformativo.com.mx\/index.php?rest_route=\/wp\/v2\/media\/44911"}],"wp:attachment":[{"href":"https:\/\/encuentroinformativo.com.mx\/index.php?rest_route=%2Fwp%2Fv2%2Fmedia&parent=44910"}],"wp:term":[{"taxonomy":"category","embeddable":true,"href":"https:\/\/encuentroinformativo.com.mx\/index.php?rest_route=%2Fwp%2Fv2%2Fcategories&post=44910"},{"taxonomy":"post_tag","embeddable":true,"href":"https:\/\/encuentroinformativo.com.mx\/index.php?rest_route=%2Fwp%2Fv2%2Ftags&post=44910"}],"curies":[{"name":"wp","href":"https:\/\/api.w.org\/{rel}","templated":true}]}}