{"id":44913,"date":"2023-09-07T20:38:07","date_gmt":"2023-09-08T02:38:07","guid":{"rendered":"https:\/\/encuentroinformativo.com.mx\/?p=44913"},"modified":"2023-09-07T20:38:10","modified_gmt":"2023-09-08T02:38:10","slug":"alcalde-jm-unanue-pone-en-marcha-pavimentacion-de-la-avenida-independencia","status":"publish","type":"post","link":"https:\/\/encuentroinformativo.com.mx\/?p=44913","title":{"rendered":"Alcalde JM Un\u00e1nue pone en marcha pavimentaci\u00f3n de la Avenida Independencia"},"content":{"rendered":"\n<p><strong>*<em>Adem\u00e1s de la pavimentaci\u00f3n, dicha obra contar\u00e1 con nueva red de drenaje sanitario y red de agua potable que beneficiar\u00e1 directamente a 130 familias de la colonia R\u00edo Jamapa<\/em>.<\/strong><\/p>\n\n\n\n<p>Boca del R\u00edo, Ver.- Este jueves, el Alcalde de Boca del R\u00edo, Juan Manuel Un\u00e1nue Abascal, procedi\u00f3 a cortar el list\u00f3n de inicio de obra integral de la Avenida Independencia, la cual contar\u00e1 con la pavimentaci\u00f3n con concreto hidr\u00e1ulico, red de drenaje sanitario y red de agua potable.<\/p>\n\n\n\n<p>\u201cNos podemos percatar que la avenida se encuentra en muy malas condiciones, sobre todo d\u00f3nde inicia desde de Miguel Alem\u00e1n, en ese punto inunda, tiene mucho bache y el drenaje ya no es suficiente, es una obra que se hizo hace muchos a\u00f1os y que ya era necesario intervenirla\u201d, explic\u00f3 el edil.<\/p>\n\n\n\n<p>De acuerdo a los vecinos de la colonia R\u00edo Jamapa, esta obra ya hab\u00eda sido solicitada desde hace a\u00f1os, por lo que ahora festejan el compromiso cumplido del actual Presidente Municipal; rehabilitar toda la Avenida Independencia desde el bulevar Miguel Alem\u00e1n hasta el R\u00edo Jamapa.<\/p>\n\n\n\n<p>Esta obra beneficiar\u00e1 directamente a 130 familias y como dato importante, sobre esta avenida transitan diariamente 6 mil personas mediante autom\u00f3viles o caminando, sin duda una de las vialidades m\u00e1s utilizadas en el municipio.<\/p>\n\n\n\n<p>De igual forma, Un\u00e1nue Abascal coment\u00f3 que se construir\u00e1n m\u00e1s de 4 mil metros cuadrados de pavimento con concreto hidr\u00e1ulico con un espesor de 16 cm, facilitando el rodamiento de cualquier autom\u00f3vil o cami\u00f3n por dicha avenida.<\/p>\n\n\n\n<p>Al ser una obra integral, se construir\u00e1n m\u00e1s de mil metros lineales de guarniciones, as\u00ed como m\u00e1s de mil 400 metros cuadrados de banquetas, sumando la construcci\u00f3n de ocho accesos para personas con alguna discapacidad.<\/p>\n\n\n\n<p>Asimismo, se realizar\u00e1 la pintura de se\u00f1al\u00e9tica en pavimento, guarniciones y pintura para se\u00f1ales de peatones, aunado a la rehabilitaci\u00f3n completa del servicio de drenaje sanitario y pluvial, adem\u00e1s de la red de agua potable.<\/p>\n\n\n\n<p>Al cierre del evento, el Alcalde comparti\u00f3 que esta obra se realizar\u00e1 en un periodo de ejecuci\u00f3n de 120 d\u00edas, por lo que les solicit\u00f3 a los vecinos de la zona tener paciencia, ya que ser\u00e1 una de las acciones de gran beneficio social para quienes viven en esta zona de la ciudad as\u00ed como para sus alrededores.<\/p>\n","protected":false},"excerpt":{"rendered":"<p>*Adem\u00e1s de la pavimentaci\u00f3n, dicha obra contar\u00e1 con nueva red de drenaje sanitario y red de agua potable que beneficiar\u00e1 directamente a 130 familias de la colonia R\u00edo Jamapa. Boca del R\u00edo, Ver.- Este jueves, el Alcalde de Boca del R\u00edo, Juan Manuel Un\u00e1nue Abascal, procedi\u00f3 a cortar el list\u00f3n de inicio de obra integral [&hellip;]<\/p>\n","protected":false},"author":2476,"featured_media":44914,"comment_status":"open","ping_status":"open","sticky":false,"template":"","format":"standard","meta":{"_jetpack_memberships_contains_paid_content":false,"footnotes":""},"categories":[2],"tags":[],"class_list":["post-44913","post","type-post","status-publish","format-standard","has-post-thumbnail","hentry","category-estado"],"jetpack_featured_media_url":"https:\/\/encuentroinformativo.com.mx\/wp-content\/uploads\/2023\/09\/IMG-20230907-WA0143.jpg","jetpack_sharing_enabled":true,"jetpack_likes_enabled":true,"amp_enabled":true,"_links":{"self":[{"href":"https:\/\/encuentroinformativo.com.mx\/index.php?rest_route=\/wp\/v2\/posts\/44913","targetHints":{"allow":["GET"]}}],"collection":[{"href":"https:\/\/encuentroinformativo.com.mx\/index.php?rest_route=\/wp\/v2\/posts"}],"about":[{"href":"https:\/\/encuentroinformativo.com.mx\/index.php?rest_route=\/wp\/v2\/types\/post"}],"author":[{"embeddable":true,"href":"https:\/\/encuentroinformativo.com.mx\/index.php?rest_route=\/wp\/v2\/users\/2476"}],"replies":[{"embeddable":true,"href":"https:\/\/encuentroinformativo.com.mx\/index.php?rest_route=%2Fwp%2Fv2%2Fcomments&post=44913"}],"version-history":[{"count":1,"href":"https:\/\/encuentroinformativo.com.mx\/index.php?rest_route=\/wp\/v2\/posts\/44913\/revisions"}],"predecessor-version":[{"id":44915,"href":"https:\/\/encuentroinformativo.com.mx\/index.php?rest_route=\/wp\/v2\/posts\/44913\/revisions\/44915"}],"wp:featuredmedia":[{"embeddable":true,"href":"https:\/\/encuentroinformativo.com.mx\/index.php?rest_route=\/wp\/v2\/media\/44914"}],"wp:attachment":[{"href":"https:\/\/encuentroinformativo.com.mx\/index.php?rest_route=%2Fwp%2Fv2%2Fmedia&parent=44913"}],"wp:term":[{"taxonomy":"category","embeddable":true,"href":"https:\/\/encuentroinformativo.com.mx\/index.php?rest_route=%2Fwp%2Fv2%2Fcategories&post=44913"},{"taxonomy":"post_tag","embeddable":true,"href":"https:\/\/encuentroinformativo.com.mx\/index.php?rest_route=%2Fwp%2Fv2%2Ftags&post=44913"}],"curies":[{"name":"wp","href":"https:\/\/api.w.org\/{rel}","templated":true}]}}