{"id":44920,"date":"2023-09-08T10:10:13","date_gmt":"2023-09-08T16:10:13","guid":{"rendered":"https:\/\/encuentroinformativo.com.mx\/?p=44920"},"modified":"2023-09-08T10:10:16","modified_gmt":"2023-09-08T16:10:16","slug":"retorno-a-clases-afecto-temporada-de-verano-cometur","status":"publish","type":"post","link":"https:\/\/encuentroinformativo.com.mx\/?p=44920","title":{"rendered":"Retorno a clases afect\u00f3 temporada de verano: COMETUR"},"content":{"rendered":"\n<p><strong>Alejandro \u00c1vila<\/strong><\/p>\n\n\n\n<p>Veracruz, Ver.- El no haber estandarizado el regreso a clases afect\u00f3 a la temporada de verano, la cual tuvo una duraci\u00f3n muy corta en comparaci\u00f3n de a\u00f1os anteriores, se\u00f1al\u00f3 el presidente del Consejo Metropolitano de Turismo (COMETUR), Sergio Lois Heredia.<\/p>\n\n\n\n<p>El empresario hotelero dijo que en 2022 la temporada alta de verano dur\u00f3 5 semanas y, aunque generalmente dura 4 semanas, en este 2023 solo dur\u00f3 tres semanas.<\/p>\n\n\n\n<p>&#8220;Tiene mucho que ver con los calendarios de la SEV la temporada alta de verano, este a\u00f1o por lo que vimos en el calendario de la SEV, salieron de vacaciones m\u00e1s tarde, y hab\u00eda mucha confusi\u00f3n entre los turistas que estaban planeando sus viajes, porque fueron entrando en distintas fechas los distintos niveles educativos&#8221;, expres\u00f3.<\/p>\n\n\n\n<p>Sergio Lois dijo que los empresarios esperan que en 2025 se puedan al menos recuperar las cuatro semanas de vacaciones de verano, y estandarizando el regreso a clases en todos los niveles educativos, los turistas podr\u00e1n planear de mejor manera sus vacaciones.<\/p>\n\n\n\n<p>&#8220;Ojal\u00e1 el pr\u00f3ximo a\u00f1o pueda ser, una, un poco m\u00e1s regular el regreso en cuanto a los distintos niveles, porque eso provoc\u00f3 confusi\u00f3n en muchos viajeros, y dos, que ojal\u00e1 puedan iniciar un poco antes, porque este a\u00f1o las vacaciones de verano iniciaron hasta la \u00faltima semana de julio. Entonces, eso provoc\u00f3 que las personas ya en agosto no viajaran tanto como si fuera en julio, que generalmente es en julio. Ojal\u00e1 lo puedan tomar en cuenta&#8221;, culmin\u00f3.<\/p>\n","protected":false},"excerpt":{"rendered":"<p>Alejandro \u00c1vila Veracruz, Ver.- El no haber estandarizado el regreso a clases afect\u00f3 a la temporada de verano, la cual tuvo una duraci\u00f3n muy corta en comparaci\u00f3n de a\u00f1os anteriores, se\u00f1al\u00f3 el presidente del Consejo Metropolitano de Turismo (COMETUR), Sergio Lois Heredia. El empresario hotelero dijo que en 2022 la temporada alta de verano dur\u00f3 [&hellip;]<\/p>\n","protected":false},"author":2476,"featured_media":44921,"comment_status":"open","ping_status":"open","sticky":false,"template":"","format":"standard","meta":{"_jetpack_memberships_contains_paid_content":false,"footnotes":""},"categories":[2],"tags":[],"class_list":["post-44920","post","type-post","status-publish","format-standard","has-post-thumbnail","hentry","category-estado"],"jetpack_featured_media_url":"https:\/\/encuentroinformativo.com.mx\/wp-content\/uploads\/2023\/09\/IMG-20230908-WA0010.jpg","jetpack_sharing_enabled":true,"jetpack_likes_enabled":true,"amp_enabled":true,"_links":{"self":[{"href":"https:\/\/encuentroinformativo.com.mx\/index.php?rest_route=\/wp\/v2\/posts\/44920","targetHints":{"allow":["GET"]}}],"collection":[{"href":"https:\/\/encuentroinformativo.com.mx\/index.php?rest_route=\/wp\/v2\/posts"}],"about":[{"href":"https:\/\/encuentroinformativo.com.mx\/index.php?rest_route=\/wp\/v2\/types\/post"}],"author":[{"embeddable":true,"href":"https:\/\/encuentroinformativo.com.mx\/index.php?rest_route=\/wp\/v2\/users\/2476"}],"replies":[{"embeddable":true,"href":"https:\/\/encuentroinformativo.com.mx\/index.php?rest_route=%2Fwp%2Fv2%2Fcomments&post=44920"}],"version-history":[{"count":1,"href":"https:\/\/encuentroinformativo.com.mx\/index.php?rest_route=\/wp\/v2\/posts\/44920\/revisions"}],"predecessor-version":[{"id":44922,"href":"https:\/\/encuentroinformativo.com.mx\/index.php?rest_route=\/wp\/v2\/posts\/44920\/revisions\/44922"}],"wp:featuredmedia":[{"embeddable":true,"href":"https:\/\/encuentroinformativo.com.mx\/index.php?rest_route=\/wp\/v2\/media\/44921"}],"wp:attachment":[{"href":"https:\/\/encuentroinformativo.com.mx\/index.php?rest_route=%2Fwp%2Fv2%2Fmedia&parent=44920"}],"wp:term":[{"taxonomy":"category","embeddable":true,"href":"https:\/\/encuentroinformativo.com.mx\/index.php?rest_route=%2Fwp%2Fv2%2Fcategories&post=44920"},{"taxonomy":"post_tag","embeddable":true,"href":"https:\/\/encuentroinformativo.com.mx\/index.php?rest_route=%2Fwp%2Fv2%2Ftags&post=44920"}],"curies":[{"name":"wp","href":"https:\/\/api.w.org\/{rel}","templated":true}]}}