{"id":44926,"date":"2023-09-08T11:27:56","date_gmt":"2023-09-08T17:27:56","guid":{"rendered":"https:\/\/encuentroinformativo.com.mx\/?p=44926"},"modified":"2023-09-08T11:28:01","modified_gmt":"2023-09-08T17:28:01","slug":"morenistas-andan-en-campana-desde-hace-un-ano-acusa-senador","status":"publish","type":"post","link":"https:\/\/encuentroinformativo.com.mx\/?p=44926","title":{"rendered":"Morenistas andan en campa\u00f1a desde hace un a\u00f1o, acusa Senador"},"content":{"rendered":"\n<p><strong>Alejandro \u00c1vila<\/strong><\/p>\n\n\n\n<p>Veracruz, Ver.- Desde hace un a\u00f1o, todo funcionario p\u00fablico emanado de Morena, desde gobernadores hasta regidores, olvidaron su trabajo para volcarse en favor de Claudia Sheinbaum Pardo, acus\u00f3 el Senador, Julen Rementer\u00eda del Puerto.<\/p>\n\n\n\n<p>La elecci\u00f3n del pasado mi\u00e9rcoles, donde se confirm\u00f3 ser\u00e1 la encargada de Coordinador la Defensa de la Cuarta Transformaci\u00f3n, no es una sorpresa, asegur\u00f3 el legislador veracruzano, toda vez que se desplegaron exagerados recursos p\u00fablicos en su favor.<\/p>\n\n\n\n<p>\u201cNo extra\u00f1a que haya ganado ella, no es una sorpresa, lo que s\u00ed es lamentable es como se dieron las cosas. Hab\u00eda una instrucci\u00f3n presidencial de apoyarla a ella, y con esa todos los gobernadores se volcaron a respaldarla con presupuesto p\u00fablico\u201d, se\u00f1al\u00f3.<\/p>\n\n\n\n<p>Rementer\u00eda del Puerto exhibi\u00f3 que, durante m\u00e1s de un a\u00f1o, el Gobierno federal y las entidades que gobiernan Morena distrajeron sus diferentes acciones de gobernabilidad, infraestructura e incluso de seguridad por abanderar acciones pol\u00edtica-electoreras.<\/p>\n\n\n\n<p>\u201cAl final se trat\u00f3 de un \u2018dedazo\u2019, se eligi\u00f3 de una manera antidemocr\u00e1tica y al final demuestra a los ciudadanos que esta supuesta elecci\u00f3n se trat\u00f3 de una completa farsa\u201d, apunt\u00f3.<\/p>\n\n\n\n<p>En ese tenor, el l\u00edder de la bancada panista refiri\u00f3 que la coordinadora del Frente por M\u00e9xico, X\u00f3chitl G\u00e1lvez Ruiz, ser\u00e1 la primera mujer Presidenta de la Rep\u00fablica, porque representa a los ciudadanos y no al \u201cdedazo\u201d presidencial.<\/p>\n\n\n\n<p>\u201cNuevamente el Presidente demuestra su repudio por la clase media, a quien en todo su sexenio se la ha pasado atacando como aspiracionistas, vulgares ambiciosos, pero se le olvida que la clase media tambi\u00e9n crey\u00f3 en \u00e9l y termin\u00f3 por decepcionarlos\u201d, finaliz\u00f3.<\/p>\n","protected":false},"excerpt":{"rendered":"<p>Alejandro \u00c1vila Veracruz, Ver.- Desde hace un a\u00f1o, todo funcionario p\u00fablico emanado de Morena, desde gobernadores hasta regidores, olvidaron su trabajo para volcarse en favor de Claudia Sheinbaum Pardo, acus\u00f3 el Senador, Julen Rementer\u00eda del Puerto. La elecci\u00f3n del pasado mi\u00e9rcoles, donde se confirm\u00f3 ser\u00e1 la encargada de Coordinador la Defensa de la Cuarta Transformaci\u00f3n, [&hellip;]<\/p>\n","protected":false},"author":2476,"featured_media":44927,"comment_status":"open","ping_status":"open","sticky":false,"template":"","format":"standard","meta":{"_jetpack_memberships_contains_paid_content":false,"footnotes":""},"categories":[12],"tags":[],"class_list":["post-44926","post","type-post","status-publish","format-standard","has-post-thumbnail","hentry","category-nacional"],"jetpack_featured_media_url":"https:\/\/encuentroinformativo.com.mx\/wp-content\/uploads\/2023\/09\/IMG-20230908-WA0031.jpg","jetpack_sharing_enabled":true,"jetpack_likes_enabled":true,"amp_enabled":true,"_links":{"self":[{"href":"https:\/\/encuentroinformativo.com.mx\/index.php?rest_route=\/wp\/v2\/posts\/44926","targetHints":{"allow":["GET"]}}],"collection":[{"href":"https:\/\/encuentroinformativo.com.mx\/index.php?rest_route=\/wp\/v2\/posts"}],"about":[{"href":"https:\/\/encuentroinformativo.com.mx\/index.php?rest_route=\/wp\/v2\/types\/post"}],"author":[{"embeddable":true,"href":"https:\/\/encuentroinformativo.com.mx\/index.php?rest_route=\/wp\/v2\/users\/2476"}],"replies":[{"embeddable":true,"href":"https:\/\/encuentroinformativo.com.mx\/index.php?rest_route=%2Fwp%2Fv2%2Fcomments&post=44926"}],"version-history":[{"count":1,"href":"https:\/\/encuentroinformativo.com.mx\/index.php?rest_route=\/wp\/v2\/posts\/44926\/revisions"}],"predecessor-version":[{"id":44928,"href":"https:\/\/encuentroinformativo.com.mx\/index.php?rest_route=\/wp\/v2\/posts\/44926\/revisions\/44928"}],"wp:featuredmedia":[{"embeddable":true,"href":"https:\/\/encuentroinformativo.com.mx\/index.php?rest_route=\/wp\/v2\/media\/44927"}],"wp:attachment":[{"href":"https:\/\/encuentroinformativo.com.mx\/index.php?rest_route=%2Fwp%2Fv2%2Fmedia&parent=44926"}],"wp:term":[{"taxonomy":"category","embeddable":true,"href":"https:\/\/encuentroinformativo.com.mx\/index.php?rest_route=%2Fwp%2Fv2%2Fcategories&post=44926"},{"taxonomy":"post_tag","embeddable":true,"href":"https:\/\/encuentroinformativo.com.mx\/index.php?rest_route=%2Fwp%2Fv2%2Ftags&post=44926"}],"curies":[{"name":"wp","href":"https:\/\/api.w.org\/{rel}","templated":true}]}}