{"id":44937,"date":"2023-09-08T12:04:27","date_gmt":"2023-09-08T18:04:27","guid":{"rendered":"https:\/\/encuentroinformativo.com.mx\/?p=44937"},"modified":"2023-09-08T12:04:30","modified_gmt":"2023-09-08T18:04:30","slug":"detenido-abusador-de-su-propia-hija-menor-de-edad","status":"publish","type":"post","link":"https:\/\/encuentroinformativo.com.mx\/?p=44937","title":{"rendered":"Detenido abusador de su propia hija menor de edad"},"content":{"rendered":"\n<p><strong>Juan Arcos <\/strong><\/p>\n\n\n\n<p>Xalapa, Ver.- Hector \u201cN\u201d, de 45 a\u00f1os, abus\u00f3 sexualmente de su hija menor de edad hasta embarazarla; sin embargo, el jueves 7 de septiembre fue detenido por elementos de la Polic\u00eda Ministerial del Estado de Veracruz.<\/p>\n\n\n\n<p>Los hechos ocurrieron en el municipio de Chinameca, en la zona sur de la entidad veracruzana, donde los ministeriales de Cosoleacaque cumplimentaron una orden de aprehensi\u00f3n en contra de dicho sujeto.<\/p>\n\n\n\n<p>De acuerdo con los reportes, el hombre violaba a la menor cuando se quedaban solos en casa y la ten\u00eda amenazada para que no dijera nada a la madre. Ella, por miedo, se quedaba callada.<br>La v\u00edctima ya no pudo ocultar la violencia y los abusos sexuales por parte de su padre, pues la embaraz\u00f3 y la familia comenz\u00f3 a notar los mareos, n\u00e1useas y otros s\u00edntomas que la delataban.<\/p>\n\n\n\n<p>El pap\u00e1 abusaba de su propia hija en su vivienda, ubicada en la localidad de Ateponta, perteneciente al municipio de Chinameca. Posteriormente, los estudios m\u00e9dicos confirmaron que la menor esperaba un beb\u00e9.<\/p>\n\n\n\n<p>Por tal motivo, los familiares presentaron la denuncia en la Fiscal\u00eda General del Estado (FGE), a cargo de Ver\u00f3nica Hern\u00e1ndez Giad\u00e1ns, en busca de justicia en este lamentable caso.<\/p>\n\n\n\n<p>Los elementos de la Polic\u00eda Ministerial ejecutaron la orden de aprehensi\u00f3n por pederastia agravada en contra de Hector \u201cN\u201d, conforme al proceso penal 45\/2023. El sujeto fue presentado ante un juez en el Juzgado Cuarto en Minatitl\u00e1n donde fue imputado por este delito y se le dict\u00f3 prisi\u00f3n preventiva.<\/p>\n\n\n\n<p><strong>AUMENTAN VIOLACIONES SEXUALES<\/strong><br>Los casos de violaci\u00f3n sexual en el estado de Veracruz aumentaron durante el primer semestre de este a\u00f1o, en comparaci\u00f3n con el mismo periodo de 2022.<\/p>\n\n\n\n<p>De acuerdo con datos del Instituto de Gesti\u00f3n, Administraci\u00f3n y Vinculaci\u00f3n Municipal (IGAVIM), la cifras del Secretariado Ejecutivo del Sistema Nacional de Seguridad P\u00fablica (Sesnsp) muestran dicha situaci\u00f3n.<\/p>\n\n\n\n<p>En el primer semestre de 2022 se contabilizaron 237 casos y en el mismo periodo de este a\u00f1o se registraron 261. Las averiguaciones previas y carpetas de investigaci\u00f3n integradas por la Fiscal\u00eda General del Estado reportan un incremento del 10.13 por ciento en la incidencia de dicho delito.<\/p>\n\n\n\n<p>Sin embargo, hay otras entidades federativas que registraron un mayor incremento en los casos, como Nayarit donde la cifra subi\u00f3 de 126 a 215, es decir, un 70.63 por ciento. Tambi\u00e9n en Jalisco el n\u00famero de casos pas\u00f3 de 241 a 305, es decir, se elevaron 26.56 por ciento. Mientras que el Estado de M\u00e9xico ocupa el primer lugar nacional con mil 864 en 2022 y mil 746 en el primer semestre de 2023.<\/p>\n","protected":false},"excerpt":{"rendered":"<p>Juan Arcos Xalapa, Ver.- Hector \u201cN\u201d, de 45 a\u00f1os, abus\u00f3 sexualmente de su hija menor de edad hasta embarazarla; sin embargo, el jueves 7 de septiembre fue detenido por elementos de la Polic\u00eda Ministerial del Estado de Veracruz. Los hechos ocurrieron en el municipio de Chinameca, en la zona sur de la entidad veracruzana, donde [&hellip;]<\/p>\n","protected":false},"author":2476,"featured_media":44938,"comment_status":"open","ping_status":"open","sticky":false,"template":"","format":"standard","meta":{"_jetpack_memberships_contains_paid_content":false,"footnotes":""},"categories":[14],"tags":[],"class_list":["post-44937","post","type-post","status-publish","format-standard","has-post-thumbnail","hentry","category-policiaca"],"jetpack_featured_media_url":"https:\/\/encuentroinformativo.com.mx\/wp-content\/uploads\/2023\/09\/IMG_4815.jpg","jetpack_sharing_enabled":true,"jetpack_likes_enabled":true,"amp_enabled":true,"_links":{"self":[{"href":"https:\/\/encuentroinformativo.com.mx\/index.php?rest_route=\/wp\/v2\/posts\/44937","targetHints":{"allow":["GET"]}}],"collection":[{"href":"https:\/\/encuentroinformativo.com.mx\/index.php?rest_route=\/wp\/v2\/posts"}],"about":[{"href":"https:\/\/encuentroinformativo.com.mx\/index.php?rest_route=\/wp\/v2\/types\/post"}],"author":[{"embeddable":true,"href":"https:\/\/encuentroinformativo.com.mx\/index.php?rest_route=\/wp\/v2\/users\/2476"}],"replies":[{"embeddable":true,"href":"https:\/\/encuentroinformativo.com.mx\/index.php?rest_route=%2Fwp%2Fv2%2Fcomments&post=44937"}],"version-history":[{"count":1,"href":"https:\/\/encuentroinformativo.com.mx\/index.php?rest_route=\/wp\/v2\/posts\/44937\/revisions"}],"predecessor-version":[{"id":44939,"href":"https:\/\/encuentroinformativo.com.mx\/index.php?rest_route=\/wp\/v2\/posts\/44937\/revisions\/44939"}],"wp:featuredmedia":[{"embeddable":true,"href":"https:\/\/encuentroinformativo.com.mx\/index.php?rest_route=\/wp\/v2\/media\/44938"}],"wp:attachment":[{"href":"https:\/\/encuentroinformativo.com.mx\/index.php?rest_route=%2Fwp%2Fv2%2Fmedia&parent=44937"}],"wp:term":[{"taxonomy":"category","embeddable":true,"href":"https:\/\/encuentroinformativo.com.mx\/index.php?rest_route=%2Fwp%2Fv2%2Fcategories&post=44937"},{"taxonomy":"post_tag","embeddable":true,"href":"https:\/\/encuentroinformativo.com.mx\/index.php?rest_route=%2Fwp%2Fv2%2Ftags&post=44937"}],"curies":[{"name":"wp","href":"https:\/\/api.w.org\/{rel}","templated":true}]}}