{"id":44943,"date":"2023-09-08T12:27:55","date_gmt":"2023-09-08T18:27:55","guid":{"rendered":"https:\/\/encuentroinformativo.com.mx\/?p=44943"},"modified":"2023-09-08T12:28:00","modified_gmt":"2023-09-08T18:28:00","slug":"acusan-perotenos-invasion-de-predios-protestan-en-xalapa","status":"publish","type":"post","link":"https:\/\/encuentroinformativo.com.mx\/?p=44943","title":{"rendered":"Acusan perote\u00f1os invasi\u00f3n de predios, protestan en Xalapa"},"content":{"rendered":"\n<p><strong>Juan Arcos <\/strong><\/p>\n\n\n\n<p>Xalapa, Ver.- Decenas de pobladores de Perote protestaron frente a Palacio de Gobierno, en la zona centro de la ciudad de Xalapa, por la invasi\u00f3n y despojo de 260 hect\u00e1reas del ejido Francisco I. Madero.<\/p>\n\n\n\n<p>Las personas se concentraron en Plaza Sebasti\u00e1n Lerdo de Tejada, donde alzaron la voz para pedir al gobernador de Veracruz, Cuitl\u00e1huac Garc\u00eda Jim\u00e9nez, que intervenga y as\u00ed evitar hechos violentos por la disputa de las tierras.<\/p>\n\n\n\n<p>De acuerdo con el abogado de los afectados, Rub\u00e9n Hern\u00e1ndez V\u00e1zquez, el ejido fue invadido el pasado 30 de agosto por un grupo de 22 personas de Tenextepec, cuyo l\u00edder es Roberto Gonz\u00e1lez de L\u00e1zaro.<\/p>\n\n\n\n<p>&#8220;Hoy venimos a solicitar el apoyo del gobernador para que esto no se convierta en un conflicto social en el cual se peleen dos ejidos, queremos que el se\u00f1or gobernador nos atienda. No queremos que se tomen a la fuerza las tierras&#8221;, expres\u00f3.<\/p>\n\n\n\n<p>Los terrenos son de uso com\u00fan, donde los pobladores del predio Francisco I. Madero tienen una concesi\u00f3n de 10 a\u00f1os, por lo que exigen que el permiso sea respetado.<\/p>\n\n\n\n<p>Los quejosos pidieron tambi\u00e9n el di\u00e1logo con la titular de la Fiscal\u00eda General del Estado (FGE), Ver\u00f3nica Hern\u00e1ndez Giad\u00e1ns, para que sea atendido el caso a la brevedad.<\/p>\n\n\n\n<p>\u201cPara que reciba la denuncia respectiva contra esas 22 personas que invadieron el predio, contra el comisariado ejidal de Tenextepec y de otras personas que lo apoyaron. Venimos a evitar un conflicto social, para que no vayan a pelearse dos ejidos\u201d.<\/p>\n\n\n\n<p>Cabe mencionar que los habitantes de Perote fueron atendidos en Palacio de Gobierno para dar seguimiento a sus demandas.<\/p>\n","protected":false},"excerpt":{"rendered":"<p>Juan Arcos Xalapa, Ver.- Decenas de pobladores de Perote protestaron frente a Palacio de Gobierno, en la zona centro de la ciudad de Xalapa, por la invasi\u00f3n y despojo de 260 hect\u00e1reas del ejido Francisco I. Madero. Las personas se concentraron en Plaza Sebasti\u00e1n Lerdo de Tejada, donde alzaron la voz para pedir al gobernador [&hellip;]<\/p>\n","protected":false},"author":2476,"featured_media":44944,"comment_status":"open","ping_status":"open","sticky":false,"template":"","format":"standard","meta":{"_jetpack_memberships_contains_paid_content":false,"footnotes":""},"categories":[8],"tags":[],"class_list":["post-44943","post","type-post","status-publish","format-standard","has-post-thumbnail","hentry","category-region"],"jetpack_featured_media_url":"https:\/\/encuentroinformativo.com.mx\/wp-content\/uploads\/2023\/09\/218facfe-7e28-40e2-aec7-e62429b41c8a.jpg","jetpack_sharing_enabled":true,"jetpack_likes_enabled":true,"amp_enabled":true,"_links":{"self":[{"href":"https:\/\/encuentroinformativo.com.mx\/index.php?rest_route=\/wp\/v2\/posts\/44943","targetHints":{"allow":["GET"]}}],"collection":[{"href":"https:\/\/encuentroinformativo.com.mx\/index.php?rest_route=\/wp\/v2\/posts"}],"about":[{"href":"https:\/\/encuentroinformativo.com.mx\/index.php?rest_route=\/wp\/v2\/types\/post"}],"author":[{"embeddable":true,"href":"https:\/\/encuentroinformativo.com.mx\/index.php?rest_route=\/wp\/v2\/users\/2476"}],"replies":[{"embeddable":true,"href":"https:\/\/encuentroinformativo.com.mx\/index.php?rest_route=%2Fwp%2Fv2%2Fcomments&post=44943"}],"version-history":[{"count":1,"href":"https:\/\/encuentroinformativo.com.mx\/index.php?rest_route=\/wp\/v2\/posts\/44943\/revisions"}],"predecessor-version":[{"id":44945,"href":"https:\/\/encuentroinformativo.com.mx\/index.php?rest_route=\/wp\/v2\/posts\/44943\/revisions\/44945"}],"wp:featuredmedia":[{"embeddable":true,"href":"https:\/\/encuentroinformativo.com.mx\/index.php?rest_route=\/wp\/v2\/media\/44944"}],"wp:attachment":[{"href":"https:\/\/encuentroinformativo.com.mx\/index.php?rest_route=%2Fwp%2Fv2%2Fmedia&parent=44943"}],"wp:term":[{"taxonomy":"category","embeddable":true,"href":"https:\/\/encuentroinformativo.com.mx\/index.php?rest_route=%2Fwp%2Fv2%2Fcategories&post=44943"},{"taxonomy":"post_tag","embeddable":true,"href":"https:\/\/encuentroinformativo.com.mx\/index.php?rest_route=%2Fwp%2Fv2%2Ftags&post=44943"}],"curies":[{"name":"wp","href":"https:\/\/api.w.org\/{rel}","templated":true}]}}