{"id":44946,"date":"2023-09-08T12:35:28","date_gmt":"2023-09-08T18:35:28","guid":{"rendered":"https:\/\/encuentroinformativo.com.mx\/?p=44946"},"modified":"2023-09-08T12:35:33","modified_gmt":"2023-09-08T18:35:33","slug":"colapsa-techo-en-primaria-de-veracruz-puerto-padres-senalan-falta-de-mantenimiento","status":"publish","type":"post","link":"https:\/\/encuentroinformativo.com.mx\/?p=44946","title":{"rendered":"Colapsa techo en primaria de Veracruz puerto, padres se\u00f1alan falta de mantenimiento"},"content":{"rendered":"\n<p><strong>Alejandro \u00c1vila<\/strong><\/p>\n\n\n\n<p>Veracruz, Ver.- El techo de uno de los salones de la primaria &#8220;Benito Ju\u00e1rez&#8221; en la colonia Francisco Villa del municipio de Veracruz, colaps\u00f3 debido a la falta de atenci\u00f3n al inmueble desde hace varios a\u00f1os.<\/p>\n\n\n\n<p>&#8220;En parte de los salones se cay\u00f3 un buen tramo de techo, y es el que ahorita se repar\u00f3 porque no se pod\u00eda tener as\u00ed, porque iban a entrar los ni\u00f1os y pod\u00eda ocasionar un problema de que se le pod\u00eda caer un pedazo o algo, por eso se tuvo que arreglar y ahorita ya no hay recursos para poder pagar eso, porque no entr\u00f3 mucho de lo que los padres aportaron a la escuela (\u2026) como 70, no contamos con muchos ni\u00f1os porque la escuela est\u00e1 escondida y muchos no conocen la escuela&#8221;, resalt\u00f3 Brenda Cruz Antonio, presidenta de la Asociaci\u00f3n de Padres de Familia.<\/p>\n\n\n\n<p>Aunado a ello, las quejosas dijeron que algunos aires acondicionados se descompusieron, por lo que varios alumnos sufren por las altas temperaturas durante el horario escolar.<\/p>\n\n\n\n<p>&#8220;La escuela est\u00e1 muy abandonada, por m\u00e1s que sociedad y maestros tratan de hacerla ver mejor, pero a veces algunos padres de familia no nos apoyan, no cumplen con las cuotas como deben de ser, y la escuela no recibe recursos para poder darle mantenimiento, hay veces pedimos apoyos y no se nos da, la escuela est\u00e1 muy escondida, por eso hay veces que no nos bajan los recurso. Entonces, nosotros pedimos que quien nos pueda apoyar con un par de cosas que nos hacen falta, como un domo, los ni\u00f1os est\u00e1n en el sol, hacen educaci\u00f3n f\u00edsica del sol, ensayan en el sol, no tenemos climas en tres salones y en otros salones ya est\u00e1n fallando&#8221;, mencion\u00f3 Brenda Cruz.<\/p>\n\n\n\n<p>Las madres de familia mencionaron que, varios alumnos toman clases en el patio bajo un \u00e1rbol, y en ocasiones, algunos maestros se los llevan a las aulas que tienen aire acondicionado para poder refrescarse un poco.<\/p>\n","protected":false},"excerpt":{"rendered":"<p>Alejandro \u00c1vila Veracruz, Ver.- El techo de uno de los salones de la primaria &#8220;Benito Ju\u00e1rez&#8221; en la colonia Francisco Villa del municipio de Veracruz, colaps\u00f3 debido a la falta de atenci\u00f3n al inmueble desde hace varios a\u00f1os. &#8220;En parte de los salones se cay\u00f3 un buen tramo de techo, y es el que ahorita [&hellip;]<\/p>\n","protected":false},"author":2476,"featured_media":44947,"comment_status":"open","ping_status":"open","sticky":false,"template":"","format":"standard","meta":{"_jetpack_memberships_contains_paid_content":false,"footnotes":""},"categories":[2],"tags":[],"class_list":["post-44946","post","type-post","status-publish","format-standard","has-post-thumbnail","hentry","category-estado"],"jetpack_featured_media_url":"https:\/\/encuentroinformativo.com.mx\/wp-content\/uploads\/2023\/09\/IMG-20230908-WA00622.jpg","jetpack_sharing_enabled":true,"jetpack_likes_enabled":true,"amp_enabled":true,"_links":{"self":[{"href":"https:\/\/encuentroinformativo.com.mx\/index.php?rest_route=\/wp\/v2\/posts\/44946","targetHints":{"allow":["GET"]}}],"collection":[{"href":"https:\/\/encuentroinformativo.com.mx\/index.php?rest_route=\/wp\/v2\/posts"}],"about":[{"href":"https:\/\/encuentroinformativo.com.mx\/index.php?rest_route=\/wp\/v2\/types\/post"}],"author":[{"embeddable":true,"href":"https:\/\/encuentroinformativo.com.mx\/index.php?rest_route=\/wp\/v2\/users\/2476"}],"replies":[{"embeddable":true,"href":"https:\/\/encuentroinformativo.com.mx\/index.php?rest_route=%2Fwp%2Fv2%2Fcomments&post=44946"}],"version-history":[{"count":1,"href":"https:\/\/encuentroinformativo.com.mx\/index.php?rest_route=\/wp\/v2\/posts\/44946\/revisions"}],"predecessor-version":[{"id":44948,"href":"https:\/\/encuentroinformativo.com.mx\/index.php?rest_route=\/wp\/v2\/posts\/44946\/revisions\/44948"}],"wp:featuredmedia":[{"embeddable":true,"href":"https:\/\/encuentroinformativo.com.mx\/index.php?rest_route=\/wp\/v2\/media\/44947"}],"wp:attachment":[{"href":"https:\/\/encuentroinformativo.com.mx\/index.php?rest_route=%2Fwp%2Fv2%2Fmedia&parent=44946"}],"wp:term":[{"taxonomy":"category","embeddable":true,"href":"https:\/\/encuentroinformativo.com.mx\/index.php?rest_route=%2Fwp%2Fv2%2Fcategories&post=44946"},{"taxonomy":"post_tag","embeddable":true,"href":"https:\/\/encuentroinformativo.com.mx\/index.php?rest_route=%2Fwp%2Fv2%2Ftags&post=44946"}],"curies":[{"name":"wp","href":"https:\/\/api.w.org\/{rel}","templated":true}]}}