{"id":44949,"date":"2023-09-08T13:05:51","date_gmt":"2023-09-08T19:05:51","guid":{"rendered":"https:\/\/encuentroinformativo.com.mx\/?p=44949"},"modified":"2023-09-08T13:05:56","modified_gmt":"2023-09-08T19:05:56","slug":"derechohabientes-denuncian-malos-tratos-en-clinica-del-imss-en-tejeria","status":"publish","type":"post","link":"https:\/\/encuentroinformativo.com.mx\/?p=44949","title":{"rendered":"Derechohabientes denuncian malos tratos en cl\u00ednica del IMSS en Tejer\u00eda"},"content":{"rendered":"\n<p><strong>Alejandro \u00c1vila<\/strong><\/p>\n\n\n\n<p>Veracruz, Ver.- Derechohabientes del Instituto Mexicano del Seguro Social (IMSS) denunciaron p\u00e9sima atenci\u00f3n de los trabajadores administrativos de la cl\u00ednica 15, ubicada en la zona de Tejer\u00eda en el municipio de Veracruz.<\/p>\n\n\n\n<p>Aproximadamente 100 personas que acudieron este viernes a consulta, denunciaron retraso en sus citas cl\u00ednicas y desinter\u00e9s de los empleados del IMSS para brindarles respuesta a su problema.<\/p>\n\n\n\n<p>Tres casi dos horas de retraso y la falta de atenci\u00f3n del personal administrativo, se gener\u00f3 una peque\u00f1a revuelta entre los derechohabientes, quienes entre gritos y reclamos solicitaban ser atendidos, pues muchos de ellos deb\u00edan regresar a sus centros de trabajo.<\/p>\n\n\n\n<p>Esta situaci\u00f3n, se\u00f1al\u00f3 un empleado que solicit\u00f3 el anonimato, sucede de manera recurrente, ya que los trabajadores utilizan esta medida como forma de presionar a sus jefes, ya que uno de los problemas m\u00e1s importantes es la falta de aire acondicionado desde hace semanas, situaci\u00f3n que los hace laborar en condiciones no aptas.<\/p>\n","protected":false},"excerpt":{"rendered":"<p>Alejandro \u00c1vila Veracruz, Ver.- Derechohabientes del Instituto Mexicano del Seguro Social (IMSS) denunciaron p\u00e9sima atenci\u00f3n de los trabajadores administrativos de la cl\u00ednica 15, ubicada en la zona de Tejer\u00eda en el municipio de Veracruz. Aproximadamente 100 personas que acudieron este viernes a consulta, denunciaron retraso en sus citas cl\u00ednicas y desinter\u00e9s de los empleados del [&hellip;]<\/p>\n","protected":false},"author":2476,"featured_media":44950,"comment_status":"open","ping_status":"open","sticky":false,"template":"","format":"standard","meta":{"_jetpack_memberships_contains_paid_content":false,"footnotes":""},"categories":[9],"tags":[],"class_list":["post-44949","post","type-post","status-publish","format-standard","has-post-thumbnail","hentry","category-salud"],"jetpack_featured_media_url":"https:\/\/encuentroinformativo.com.mx\/wp-content\/uploads\/2023\/09\/IMG-20230908-WA00942.jpg","jetpack_sharing_enabled":true,"jetpack_likes_enabled":true,"amp_enabled":true,"_links":{"self":[{"href":"https:\/\/encuentroinformativo.com.mx\/index.php?rest_route=\/wp\/v2\/posts\/44949","targetHints":{"allow":["GET"]}}],"collection":[{"href":"https:\/\/encuentroinformativo.com.mx\/index.php?rest_route=\/wp\/v2\/posts"}],"about":[{"href":"https:\/\/encuentroinformativo.com.mx\/index.php?rest_route=\/wp\/v2\/types\/post"}],"author":[{"embeddable":true,"href":"https:\/\/encuentroinformativo.com.mx\/index.php?rest_route=\/wp\/v2\/users\/2476"}],"replies":[{"embeddable":true,"href":"https:\/\/encuentroinformativo.com.mx\/index.php?rest_route=%2Fwp%2Fv2%2Fcomments&post=44949"}],"version-history":[{"count":1,"href":"https:\/\/encuentroinformativo.com.mx\/index.php?rest_route=\/wp\/v2\/posts\/44949\/revisions"}],"predecessor-version":[{"id":44951,"href":"https:\/\/encuentroinformativo.com.mx\/index.php?rest_route=\/wp\/v2\/posts\/44949\/revisions\/44951"}],"wp:featuredmedia":[{"embeddable":true,"href":"https:\/\/encuentroinformativo.com.mx\/index.php?rest_route=\/wp\/v2\/media\/44950"}],"wp:attachment":[{"href":"https:\/\/encuentroinformativo.com.mx\/index.php?rest_route=%2Fwp%2Fv2%2Fmedia&parent=44949"}],"wp:term":[{"taxonomy":"category","embeddable":true,"href":"https:\/\/encuentroinformativo.com.mx\/index.php?rest_route=%2Fwp%2Fv2%2Fcategories&post=44949"},{"taxonomy":"post_tag","embeddable":true,"href":"https:\/\/encuentroinformativo.com.mx\/index.php?rest_route=%2Fwp%2Fv2%2Ftags&post=44949"}],"curies":[{"name":"wp","href":"https:\/\/api.w.org\/{rel}","templated":true}]}}