{"id":44952,"date":"2023-09-08T13:16:30","date_gmt":"2023-09-08T19:16:30","guid":{"rendered":"https:\/\/encuentroinformativo.com.mx\/?p=44952"},"modified":"2023-09-08T13:21:40","modified_gmt":"2023-09-08T19:21:40","slug":"xalapa-es-una-ciudad-verde-impulsamos-reforestacion-ricardo-ahued","status":"publish","type":"post","link":"https:\/\/encuentroinformativo.com.mx\/?p=44952","title":{"rendered":"Xalapa es una ciudad verde, impulsamos reforestaci\u00f3n: Ricardo Ahued"},"content":{"rendered":"\n<p><strong>Elisa Aburto<\/strong><\/p>\n\n\n\n<p>Xalapa, Ver.- Xalapa es una ciudad verde y se sigue reforzando el tema con la siembra de \u00e1rboles en distintos puntos del municipio, as\u00ed lo afirm\u00f3 el alcalde Ricardo Ahued Bardahuil.<\/p>\n\n\n\n<p>En entrevista el edil se\u00f1al\u00f3 como ejemplo de los escenarios verdes que se pueden observar la zona de Murillo Vidal o el mismo parque Ju\u00e1rez, espacios que dijo sorprenden a muchos de quienes visitan la capital del estado.<\/p>\n\n\n\n<p>\u201cEs un tema que es privilegiada, a donde voltees hay \u00e1rboles, Xalapa es verde, mucha gente que viene a Xalapa no lo cree y cuando voltea que va por Murillo Vidal o va aqu\u00ed al parque Ju\u00e1rez, a cualquier lado. Sin embargo, ya es momento de ir replantando como hemos hecho, que se est\u00e1 plantando mucho\u201d.<\/p>\n\n\n\n<p>Ante ello Ahued Bardahuil record\u00f3 que ante las inconformidades generadas por parte de la poblaci\u00f3n sobre el puente a desnivel que se realiza sobre la avenida L\u00e1zaro C\u00e1rdenas tambi\u00e9n se han atendido acciones de remediaci\u00f3n con la siembra de m\u00e1s arboles sobre la misma vialidad.<\/p>\n\n\n\n<p>\u201cEs una remediaci\u00f3n justa que demandaba la sociedad, y hay ya 410 a m\u00e1s, \u00e1rboles que se han sembrado end\u00e9micos, caracter\u00edsticos que pueden tenerle beneficios reales al paseo a la misma zona y bueno, es un tema que me parece debemos destacar de la sociedad que es participativa.<\/p>\n\n\n\n<p>-\u00bfSe ha politizado el tema?<\/p>\n\n\n\n<p>-Siempre se politiza, el ser humano as\u00ed es pero que bueno que se politice en ocasiones porque habla de que la poblaci\u00f3n participa, por eso se dice pol\u00edtica es la participaci\u00f3n de los seres humanos, del pueblo.<\/p>\n\n\n\n<p>Finalmente el alcalde Ricardo Ahued reconoci\u00f3 que es necesario tener la comprensi\u00f3n y di\u00e1logo con la ciudadan\u00eda, al tiempo que record\u00f3  la administraci\u00f3n a su cargo ha adquirido espacios verdes para que funcionen como \u00e1reas de reforestaci\u00f3n y pulmones de la ciudad.<\/p>\n\n\n\n<p>&#8220;Hay que estar unidos en la comprensi\u00f3n de todas y todos porque hoy se tiene que dialogar m\u00e1s, tener m\u00e1s capacidad de di\u00e1logo no podemos nosotros pensar que solos podemos con una ciudad, tiene que participar la sociedad, entendernos, despolitizarnos, ser menos radicales\u201d, puntualiz\u00f3.<\/p>\n\n\n\n<figure class=\"wp-block-image size-large\"><img loading=\"lazy\" decoding=\"async\" width=\"1024\" height=\"616\" src=\"https:\/\/encuentroinformativo.com.mx\/wp-content\/uploads\/2023\/09\/IMG-20230908-WA00952-1024x616.jpg\" alt=\"\" class=\"wp-image-44954\" srcset=\"https:\/\/encuentroinformativo.com.mx\/wp-content\/uploads\/2023\/09\/IMG-20230908-WA00952-1024x616.jpg 1024w, https:\/\/encuentroinformativo.com.mx\/wp-content\/uploads\/2023\/09\/IMG-20230908-WA00952-300x180.jpg 300w, https:\/\/encuentroinformativo.com.mx\/wp-content\/uploads\/2023\/09\/IMG-20230908-WA00952-768x462.jpg 768w, https:\/\/encuentroinformativo.com.mx\/wp-content\/uploads\/2023\/09\/IMG-20230908-WA00952-1536x924.jpg 1536w, https:\/\/encuentroinformativo.com.mx\/wp-content\/uploads\/2023\/09\/IMG-20230908-WA00952.jpg 1584w\" sizes=\"auto, (max-width: 1024px) 100vw, 1024px\" \/><\/figure>\n","protected":false},"excerpt":{"rendered":"<p>Elisa Aburto Xalapa, Ver.- Xalapa es una ciudad verde y se sigue reforzando el tema con la siembra de \u00e1rboles en distintos puntos del municipio, as\u00ed lo afirm\u00f3 el alcalde Ricardo Ahued Bardahuil. En entrevista el edil se\u00f1al\u00f3 como ejemplo de los escenarios verdes que se pueden observar la zona de Murillo Vidal o el [&hellip;]<\/p>\n","protected":false},"author":2476,"featured_media":43581,"comment_status":"open","ping_status":"open","sticky":false,"template":"","format":"standard","meta":{"_jetpack_memberships_contains_paid_content":false,"footnotes":""},"categories":[3],"tags":[],"class_list":["post-44952","post","type-post","status-publish","format-standard","has-post-thumbnail","hentry","category-xalapa"],"jetpack_featured_media_url":"https:\/\/encuentroinformativo.com.mx\/wp-content\/uploads\/2023\/08\/Photo_1691457235744.jpg","jetpack_sharing_enabled":true,"jetpack_likes_enabled":true,"amp_enabled":true,"_links":{"self":[{"href":"https:\/\/encuentroinformativo.com.mx\/index.php?rest_route=\/wp\/v2\/posts\/44952","targetHints":{"allow":["GET"]}}],"collection":[{"href":"https:\/\/encuentroinformativo.com.mx\/index.php?rest_route=\/wp\/v2\/posts"}],"about":[{"href":"https:\/\/encuentroinformativo.com.mx\/index.php?rest_route=\/wp\/v2\/types\/post"}],"author":[{"embeddable":true,"href":"https:\/\/encuentroinformativo.com.mx\/index.php?rest_route=\/wp\/v2\/users\/2476"}],"replies":[{"embeddable":true,"href":"https:\/\/encuentroinformativo.com.mx\/index.php?rest_route=%2Fwp%2Fv2%2Fcomments&post=44952"}],"version-history":[{"count":1,"href":"https:\/\/encuentroinformativo.com.mx\/index.php?rest_route=\/wp\/v2\/posts\/44952\/revisions"}],"predecessor-version":[{"id":44955,"href":"https:\/\/encuentroinformativo.com.mx\/index.php?rest_route=\/wp\/v2\/posts\/44952\/revisions\/44955"}],"wp:featuredmedia":[{"embeddable":true,"href":"https:\/\/encuentroinformativo.com.mx\/index.php?rest_route=\/wp\/v2\/media\/43581"}],"wp:attachment":[{"href":"https:\/\/encuentroinformativo.com.mx\/index.php?rest_route=%2Fwp%2Fv2%2Fmedia&parent=44952"}],"wp:term":[{"taxonomy":"category","embeddable":true,"href":"https:\/\/encuentroinformativo.com.mx\/index.php?rest_route=%2Fwp%2Fv2%2Fcategories&post=44952"},{"taxonomy":"post_tag","embeddable":true,"href":"https:\/\/encuentroinformativo.com.mx\/index.php?rest_route=%2Fwp%2Fv2%2Ftags&post=44952"}],"curies":[{"name":"wp","href":"https:\/\/api.w.org\/{rel}","templated":true}]}}