{"id":44957,"date":"2023-09-08T20:09:39","date_gmt":"2023-09-09T02:09:39","guid":{"rendered":"https:\/\/encuentroinformativo.com.mx\/?p=44957"},"modified":"2023-09-08T20:09:44","modified_gmt":"2023-09-09T02:09:44","slug":"concluyen-su-educacion-basica-163-internos-de-centros-penitenciarios","status":"publish","type":"post","link":"https:\/\/encuentroinformativo.com.mx\/?p=44957","title":{"rendered":"Concluyen su educaci\u00f3n b\u00e1sica 163 internos de centros penitenciarios"},"content":{"rendered":"\n<p>Xalapa, Ver.- La Secretar\u00eda de Seguridad P\u00fablica, garantiza el derecho a la educaci\u00f3n a mil 365 internos de los centros penitenciarios veracruzanos que se inscribieron para aprender a leer, escribir o continuar con sus estudios en primaria y secundaria, a trav\u00e9s del Instituto Veracruzano para la Educaci\u00f3n de los Adultos.<\/p>\n\n\n\n<p>Para conmemorar el D\u00eda Internacional de la Alfabetizaci\u00f3n, mediante la Direcci\u00f3n General de Prevenci\u00f3n y Reinserci\u00f3n Social fueron entregadas 40 constancias de alfabetizaci\u00f3n y 123 certificados en los centros penitenciarios de Acayucan, Amatl\u00e1n de los Reyes, Chicontepec, Coatzacoalcos, Cosamaloapan, Jalacingo, Misantla, Pacho Viejo, P\u00e1nuco, Papantla, Poza Rica, San Andr\u00e9s Tuxtla, Tuxpan y en el Modulo de Prisi\u00f3n Preventiva de Veracruz.<\/p>\n\n\n\n<p>Tambi\u00e9n fueron distribuidos 190 Kits escolares con material did\u00e1ctico y de papeler\u00eda, con el objetivo dotarlos de las herramientas necesarias en su formaci\u00f3n educativa, as\u00ed como mejorar su calidad de vida. De manera simult\u00e1nea se llev\u00f3 a cabo una campa\u00f1a de alfabetizaci\u00f3n a fin de invitar y motivar a la poblaci\u00f3n penitenciaria a continuar con su formaci\u00f3n.<\/p>\n","protected":false},"excerpt":{"rendered":"<p>Xalapa, Ver.- La Secretar\u00eda de Seguridad P\u00fablica, garantiza el derecho a la educaci\u00f3n a mil 365 internos de los centros penitenciarios veracruzanos que se inscribieron para aprender a leer, escribir o continuar con sus estudios en primaria y secundaria, a trav\u00e9s del Instituto Veracruzano para la Educaci\u00f3n de los Adultos. Para conmemorar el D\u00eda Internacional [&hellip;]<\/p>\n","protected":false},"author":2476,"featured_media":44958,"comment_status":"open","ping_status":"open","sticky":false,"template":"","format":"standard","meta":{"_jetpack_memberships_contains_paid_content":false,"footnotes":""},"categories":[2],"tags":[],"class_list":["post-44957","post","type-post","status-publish","format-standard","has-post-thumbnail","hentry","category-estado"],"jetpack_featured_media_url":"https:\/\/encuentroinformativo.com.mx\/wp-content\/uploads\/2023\/09\/IMG-20230908-WA01832.jpg","jetpack_sharing_enabled":true,"jetpack_likes_enabled":true,"amp_enabled":true,"_links":{"self":[{"href":"https:\/\/encuentroinformativo.com.mx\/index.php?rest_route=\/wp\/v2\/posts\/44957","targetHints":{"allow":["GET"]}}],"collection":[{"href":"https:\/\/encuentroinformativo.com.mx\/index.php?rest_route=\/wp\/v2\/posts"}],"about":[{"href":"https:\/\/encuentroinformativo.com.mx\/index.php?rest_route=\/wp\/v2\/types\/post"}],"author":[{"embeddable":true,"href":"https:\/\/encuentroinformativo.com.mx\/index.php?rest_route=\/wp\/v2\/users\/2476"}],"replies":[{"embeddable":true,"href":"https:\/\/encuentroinformativo.com.mx\/index.php?rest_route=%2Fwp%2Fv2%2Fcomments&post=44957"}],"version-history":[{"count":1,"href":"https:\/\/encuentroinformativo.com.mx\/index.php?rest_route=\/wp\/v2\/posts\/44957\/revisions"}],"predecessor-version":[{"id":44959,"href":"https:\/\/encuentroinformativo.com.mx\/index.php?rest_route=\/wp\/v2\/posts\/44957\/revisions\/44959"}],"wp:featuredmedia":[{"embeddable":true,"href":"https:\/\/encuentroinformativo.com.mx\/index.php?rest_route=\/wp\/v2\/media\/44958"}],"wp:attachment":[{"href":"https:\/\/encuentroinformativo.com.mx\/index.php?rest_route=%2Fwp%2Fv2%2Fmedia&parent=44957"}],"wp:term":[{"taxonomy":"category","embeddable":true,"href":"https:\/\/encuentroinformativo.com.mx\/index.php?rest_route=%2Fwp%2Fv2%2Fcategories&post=44957"},{"taxonomy":"post_tag","embeddable":true,"href":"https:\/\/encuentroinformativo.com.mx\/index.php?rest_route=%2Fwp%2Fv2%2Ftags&post=44957"}],"curies":[{"name":"wp","href":"https:\/\/api.w.org\/{rel}","templated":true}]}}