{"id":44960,"date":"2023-09-09T13:12:15","date_gmt":"2023-09-09T19:12:15","guid":{"rendered":"https:\/\/encuentroinformativo.com.mx\/?p=44960"},"modified":"2023-09-09T13:12:19","modified_gmt":"2023-09-09T19:12:19","slug":"por-reparacion-de-aire-acondicionado-justifica-imss-retrasos-en-tejeria","status":"publish","type":"post","link":"https:\/\/encuentroinformativo.com.mx\/?p=44960","title":{"rendered":"Por reparaci\u00f3n de aire acondicionado, justifica IMSS retrasos en Tejer\u00eda"},"content":{"rendered":"\n<p><strong>Redacci\u00f3n<\/strong> <\/p>\n\n\n\n<p>Xalapa, Ver.- Ante las quejas de derechohabientes de la cl\u00ednica del Instituto Mexicano del Seguro Social (IMSS) de Tejer\u00eda por la demora en la atenci\u00f3n, autoridades del IMSS justificaron la situaci\u00f3n.<\/p>\n\n\n\n<p>A trav\u00e9s de una tarjeta informativa se\u00f1alan: <\/p>\n\n\n\n<p>Respecto a los tiempos de atenci\u00f3n a usuarios en la Unidad Medicina Familiar (UMF) No. 15, en Tejer\u00eda, la Representaci\u00f3n del Instituto Mexicano del Seguro Social (IMSS) en Veracruz Norte informa:<\/p>\n\n\n\n<ul class=\"wp-block-list\"><li>Debido a que se atendi\u00f3 un desperfecto en el sistema del aire acondicionado, el servicio de Consulta Externa sufri\u00f3 un atraso de dos horas.<\/li><\/ul>\n\n\n\n<ul class=\"wp-block-list\"><li>El compresor del aire acondicionado fue sustituido por uno nuevo e instalado por personal t\u00e9cnico del IMSS esta misma tarde, quedando en funcionamiento con normalidad.<\/li><\/ul>\n\n\n\n<ul class=\"wp-block-list\"><li>Al momento, el servicio m\u00e9dico se brinda con normalidad.<\/li><\/ul>\n\n\n\n<p>El IMSS en Veracruz Norte reitera su responsabilidad de otorgar la atenci\u00f3n m\u00e9dica en un ambiente digno y confortable para su personal y poblaci\u00f3n derechohabiente.<\/p>\n","protected":false},"excerpt":{"rendered":"<p>Redacci\u00f3n Xalapa, Ver.- Ante las quejas de derechohabientes de la cl\u00ednica del Instituto Mexicano del Seguro Social (IMSS) de Tejer\u00eda por la demora en la atenci\u00f3n, autoridades del IMSS justificaron la situaci\u00f3n. A trav\u00e9s de una tarjeta informativa se\u00f1alan: Respecto a los tiempos de atenci\u00f3n a usuarios en la Unidad Medicina Familiar (UMF) No. 15, [&hellip;]<\/p>\n","protected":false},"author":2476,"featured_media":44961,"comment_status":"open","ping_status":"open","sticky":false,"template":"","format":"standard","meta":{"_jetpack_memberships_contains_paid_content":false,"footnotes":""},"categories":[9],"tags":[],"class_list":["post-44960","post","type-post","status-publish","format-standard","has-post-thumbnail","hentry","category-salud"],"jetpack_featured_media_url":"https:\/\/encuentroinformativo.com.mx\/wp-content\/uploads\/2023\/09\/IMG-20230908-WA0093.jpg","jetpack_sharing_enabled":true,"jetpack_likes_enabled":true,"amp_enabled":true,"_links":{"self":[{"href":"https:\/\/encuentroinformativo.com.mx\/index.php?rest_route=\/wp\/v2\/posts\/44960","targetHints":{"allow":["GET"]}}],"collection":[{"href":"https:\/\/encuentroinformativo.com.mx\/index.php?rest_route=\/wp\/v2\/posts"}],"about":[{"href":"https:\/\/encuentroinformativo.com.mx\/index.php?rest_route=\/wp\/v2\/types\/post"}],"author":[{"embeddable":true,"href":"https:\/\/encuentroinformativo.com.mx\/index.php?rest_route=\/wp\/v2\/users\/2476"}],"replies":[{"embeddable":true,"href":"https:\/\/encuentroinformativo.com.mx\/index.php?rest_route=%2Fwp%2Fv2%2Fcomments&post=44960"}],"version-history":[{"count":1,"href":"https:\/\/encuentroinformativo.com.mx\/index.php?rest_route=\/wp\/v2\/posts\/44960\/revisions"}],"predecessor-version":[{"id":44962,"href":"https:\/\/encuentroinformativo.com.mx\/index.php?rest_route=\/wp\/v2\/posts\/44960\/revisions\/44962"}],"wp:featuredmedia":[{"embeddable":true,"href":"https:\/\/encuentroinformativo.com.mx\/index.php?rest_route=\/wp\/v2\/media\/44961"}],"wp:attachment":[{"href":"https:\/\/encuentroinformativo.com.mx\/index.php?rest_route=%2Fwp%2Fv2%2Fmedia&parent=44960"}],"wp:term":[{"taxonomy":"category","embeddable":true,"href":"https:\/\/encuentroinformativo.com.mx\/index.php?rest_route=%2Fwp%2Fv2%2Fcategories&post=44960"},{"taxonomy":"post_tag","embeddable":true,"href":"https:\/\/encuentroinformativo.com.mx\/index.php?rest_route=%2Fwp%2Fv2%2Ftags&post=44960"}],"curies":[{"name":"wp","href":"https:\/\/api.w.org\/{rel}","templated":true}]}}