{"id":44976,"date":"2023-09-09T15:36:29","date_gmt":"2023-09-09T21:36:29","guid":{"rendered":"https:\/\/encuentroinformativo.com.mx\/?p=44976"},"modified":"2023-09-09T15:36:33","modified_gmt":"2023-09-09T21:36:33","slug":"la-cuarta-transformacion-tiene-en-claudia-la-mejor-representante-ut","status":"publish","type":"post","link":"https:\/\/encuentroinformativo.com.mx\/?p=44976","title":{"rendered":"La Cuarta Transformaci\u00f3n tiene en Claudia la mejor representante; UT"},"content":{"rendered":"\n<p>Coatepec, Ver.- Con una asistencia de m\u00e1s de 4 mil personas, el movimiento Unidos Todos present\u00f3 en la localidad El Grande perteneciente al distrito de este municipio cafetalero, el Foro de Expresi\u00f3n del Pueblo con la finalidad de escuchar testimonios y dar a conocer informaci\u00f3n verdadera de la Cuarta Transformaci\u00f3n.<\/p>\n\n\n\n<p>En entrevista previo al inicio del evento, el presidente de este movimiento, maestro Eleazar Guerrero P\u00e9rez, resalt\u00f3 que en estos eventos, los cuales han recorrido casi todo el estado, la expresi\u00f3n de la gente ha sido muy clara al querer que se contin\u00fae ; \u201cquieren que realmente consolidemos a la Cuarta Transformaci\u00f3n en el combate a la pobreza\u201d<\/p>\n\n\n\n<p>Coment\u00f3 que este combate emprendido desde el 2018, ha dado resultados y prueba de ello son los datos reconocidos por el INEGI Y CONEVAL que marcan un abandono de la l\u00ednea de pobreza de m\u00e1s de 6 millones de mexicanos, siendo esto una muestra de que efectivamente la Cuarta Transformaci\u00f3n est\u00e1 viva, est\u00e1 activante, est\u00e1 movi\u00e9ndose d\u00eda a d\u00eda y est\u00e1 cambiando y transformando de manera profunda la vida pol\u00edtica, social y p\u00fablica del pa\u00eds.<\/p>\n\n\n\n<p>En otro punto, al ser cuestionado si considera que es tiempo de la mujer en Veracruz, Eleazar Guerrero se mostr\u00f3 muy congratulado, comentando qu\u00e9 hay mucho porque sentirse contentos y felices ya que mencion\u00f3 que la lucha de las mujeres por fin est\u00e1 teniendo \u00e9xito y por fin ha encontrado eco en la sociedad, con m\u00e1s fuerza, pero sobre todo dijo, \u201ccon un gobierno que las entiende, que las comprende, que las apoya y que no pone obst\u00e1culos para que ellas puedan alcanzar el poder pol\u00edtico\u201d.<\/p>\n\n\n\n<p>Coment\u00f3 que desde ese poder pueden instrumentar pol\u00edticas p\u00fablicas que vayan dirigidas a eliminar el tema fundamental de la pobreza, considerada de las principales causas de violencia contra las mujeres en M\u00e9xico.<\/p>\n\n\n\n<p>Para finalizar, el presidente de Unidos Todos se mostr\u00f3 contento mencionando qu\u00e9 hay mucho por qu\u00e9 celebrar debido a que la Cuarta Transformaci\u00f3n tiene en Claudia la mejor representante para combatir esos males que han hecho da\u00f1o al pa\u00eds; \u201cEs tiempo de las mujeres, por supuesto que estamos con las mujeres y vamos a seguir trabajando\u201d concluy\u00f3.<\/p>\n","protected":false},"excerpt":{"rendered":"<p>Coatepec, Ver.- Con una asistencia de m\u00e1s de 4 mil personas, el movimiento Unidos Todos present\u00f3 en la localidad El Grande perteneciente al distrito de este municipio cafetalero, el Foro de Expresi\u00f3n del Pueblo con la finalidad de escuchar testimonios y dar a conocer informaci\u00f3n verdadera de la Cuarta Transformaci\u00f3n. En entrevista previo al inicio [&hellip;]<\/p>\n","protected":false},"author":2476,"featured_media":44977,"comment_status":"open","ping_status":"open","sticky":false,"template":"","format":"standard","meta":{"_jetpack_memberships_contains_paid_content":false,"footnotes":""},"categories":[2],"tags":[],"class_list":["post-44976","post","type-post","status-publish","format-standard","has-post-thumbnail","hentry","category-estado"],"jetpack_featured_media_url":"https:\/\/encuentroinformativo.com.mx\/wp-content\/uploads\/2023\/09\/IMG-20230909-WA0055.jpg","jetpack_sharing_enabled":true,"jetpack_likes_enabled":true,"amp_enabled":true,"_links":{"self":[{"href":"https:\/\/encuentroinformativo.com.mx\/index.php?rest_route=\/wp\/v2\/posts\/44976","targetHints":{"allow":["GET"]}}],"collection":[{"href":"https:\/\/encuentroinformativo.com.mx\/index.php?rest_route=\/wp\/v2\/posts"}],"about":[{"href":"https:\/\/encuentroinformativo.com.mx\/index.php?rest_route=\/wp\/v2\/types\/post"}],"author":[{"embeddable":true,"href":"https:\/\/encuentroinformativo.com.mx\/index.php?rest_route=\/wp\/v2\/users\/2476"}],"replies":[{"embeddable":true,"href":"https:\/\/encuentroinformativo.com.mx\/index.php?rest_route=%2Fwp%2Fv2%2Fcomments&post=44976"}],"version-history":[{"count":1,"href":"https:\/\/encuentroinformativo.com.mx\/index.php?rest_route=\/wp\/v2\/posts\/44976\/revisions"}],"predecessor-version":[{"id":44978,"href":"https:\/\/encuentroinformativo.com.mx\/index.php?rest_route=\/wp\/v2\/posts\/44976\/revisions\/44978"}],"wp:featuredmedia":[{"embeddable":true,"href":"https:\/\/encuentroinformativo.com.mx\/index.php?rest_route=\/wp\/v2\/media\/44977"}],"wp:attachment":[{"href":"https:\/\/encuentroinformativo.com.mx\/index.php?rest_route=%2Fwp%2Fv2%2Fmedia&parent=44976"}],"wp:term":[{"taxonomy":"category","embeddable":true,"href":"https:\/\/encuentroinformativo.com.mx\/index.php?rest_route=%2Fwp%2Fv2%2Fcategories&post=44976"},{"taxonomy":"post_tag","embeddable":true,"href":"https:\/\/encuentroinformativo.com.mx\/index.php?rest_route=%2Fwp%2Fv2%2Ftags&post=44976"}],"curies":[{"name":"wp","href":"https:\/\/api.w.org\/{rel}","templated":true}]}}