{"id":44996,"date":"2023-09-10T19:38:08","date_gmt":"2023-09-11T01:38:08","guid":{"rendered":"https:\/\/encuentroinformativo.com.mx\/?p=44996"},"modified":"2023-09-10T19:38:12","modified_gmt":"2023-09-11T01:38:12","slug":"estudiantes-de-primaria-siguen-sin-plantel-en-ixtaczoquitlan","status":"publish","type":"post","link":"https:\/\/encuentroinformativo.com.mx\/?p=44996","title":{"rendered":"Estudiantes de primaria siguen sin plantel en Ixtaczoquitl\u00e1n"},"content":{"rendered":"\n<p><strong>Juan Arcos\u00a0<\/strong><\/p>\n\n\n\n<p>Xalapa, Ver.- Madres y padres de familia amagaron con manifestarse y marchar en los pr\u00f3ximos d\u00edas debido a que los alumnos de la escuela primaria \u201cBenito Ju\u00e1rez Garc\u00eda\u201d, ubicada en el municipio de Ixtaczoquitl\u00e1n, a\u00fan carecen de plantel para este ciclo escolar 2023-2024.<\/p>\n\n\n\n<p>Los casi 400 estudiantes concluyeron el pasado ciclo escolar con solo dos horas de clases y ahora los docentes aceptaron dar clases en la tarde para que las ni\u00f1as y los ni\u00f1os no perdieran m\u00e1s tiempo de ense\u00f1anza-aprendizaje.<\/p>\n\n\n\n<p>Algunas mam\u00e1s indicaron, de manera an\u00f3nima por temor a represalias contra sus hijos, que el ayuntamiento se comprometi\u00f3 a enviar al personal de Protecci\u00f3n Civil para evaluar las condiciones del jard\u00edn de ni\u00f1os \u201cLuisa Ben\u00edtez\u201d, mismo que est\u00e1 desocupado y podr\u00eda ser utilizado temporalmente para albergar a los alumnos de la primaria mencionada.<\/p>\n\n\n\n<p>\u201cPero a\u00fan con todo el ayuntamiento de Ixtaczoquitl\u00e1n no muestra inter\u00e9s alguno, resulta que hasta hace unas semanas no ten\u00edan dada de alta a la persona encargada de la unidad de Protecci\u00f3n Civil, nombraron a alguien, suponemos que de improviso y sin estar preparado, y ese alguien emite un dictamen que no tiene pies ni cabeza. Hemos buscado apoyo de Protecci\u00f3n Civil estatal pero tampoco conocemos muy bien cu\u00e1l es el camino\u201d.<\/p>\n\n\n\n<p>Enfatizaron que las principales \u201ctrabas\u201d han sido por parte del alcalde de Ixtaczoquitl\u00e1n, Nahum \u00c1lvarez Pellico, a pesar de que la escuela primaria \u201cBenito Ju\u00e1rez Garc\u00eda\u201d es la m\u00e1s grande de la localidad y se ubica en la contra esquina del Palacio Municipal.<\/p>\n\n\n\n<p>\u201cNi as\u00ed el alcalde da la cara, se esconde, no acude a las reuniones pero cuando era candidato se comprometi\u00f3 a velar siempre por los intereses de los ni\u00f1os y ahora que ya es autoridad ya no quiere ayudar, ya no quiere dar la cara ni siquiera env\u00eda emisarios, simple y sencillamente no le interesa\u201d.<\/p>\n\n\n\n<p><strong>ANTECEDENTES<\/strong><\/p>\n\n\n\n<p>A finales del a\u00f1o anterior, las autoridades acad\u00e9micas y los padres de familia decidieron que se llevara a cabo una obra de reconstrucci\u00f3n debido a que el plantel llevaba m\u00e1s de 100 a\u00f1os sin mantenimiento integral.<\/p>\n\n\n\n<p>Sin embargo, la empresa Cemag Construcciones, Excavaciones y Maquinaria del Golfo S. A. de C. V. no avanz\u00f3 en la obra, pese a que recibi\u00f3 un anticipo del 50 por ciento del costo total, que corresponde a casi 4 millones de pesos.<\/p>\n\n\n\n<p>Hasta el momento, se desconoce el destino de dichos recursos econ\u00f3micos, pues no ha habido transparencia por parte de la constructora ni del alcalde de Ixtaczoquitl\u00e1n, Augusto Nah\u00fam \u00c1lvarez Pellico.<\/p>\n\n\n\n<p>\u201cEl problema viene cuando la empresa constructora no est\u00e1 trabajando, lo \u00fanico que han hecho es excavar y no ha hay absolutamente nada m\u00e1s de avance. Nadie sabe y nadie supo d\u00f3nde qued\u00f3 la bolita y qu\u00e9 se ha hecho con los millones de pesos autorizados\u201d, comentaron los quejosos.<\/p>\n\n\n\n<p>La escuela, con clave 30EPR11080, est\u00e1 sobre la Calzada Ruiz Galindo sin n\u00famero, entre Oriente 4 y 6, en la zona centro de dicha demarcaci\u00f3n, donde los alumnos solo tuvieron dos horas de clases diarias durante meses por la falta de espacios educativos.<\/p>\n\n\n\n<p>Ahora las madres y padres de familia est\u00e1n dispuestos a manifestarse y marchar el lunes 11 de septiembre a las 9:00 horas, desde el punto conocido como el Reloj de Escamela.<\/p>\n\n\n\n<p>Lo anterior, como medida de presi\u00f3n para que se emita un nuevo dictamen y liberen el espacio del antiguo jard\u00edn de ni\u00f1os, y \u00e9ste sea utilizado por los ni\u00f1os de primero y segundo grado en el turno matutino, en lo que se construyen las aulas.<\/p>\n","protected":false},"excerpt":{"rendered":"<p>Juan Arcos\u00a0 Xalapa, Ver.- Madres y padres de familia amagaron con manifestarse y marchar en los pr\u00f3ximos d\u00edas debido a que los alumnos de la escuela primaria \u201cBenito Ju\u00e1rez Garc\u00eda\u201d, ubicada en el municipio de Ixtaczoquitl\u00e1n, a\u00fan carecen de plantel para este ciclo escolar 2023-2024. Los casi 400 estudiantes concluyeron el pasado ciclo escolar con [&hellip;]<\/p>\n","protected":false},"author":2476,"featured_media":44997,"comment_status":"open","ping_status":"open","sticky":false,"template":"","format":"standard","meta":{"_jetpack_memberships_contains_paid_content":false,"footnotes":""},"categories":[2],"tags":[],"class_list":["post-44996","post","type-post","status-publish","format-standard","has-post-thumbnail","hentry","category-estado"],"jetpack_featured_media_url":"https:\/\/encuentroinformativo.com.mx\/wp-content\/uploads\/2023\/09\/eb8d0516-b6ea-4b3f-aea6-dd5557a87d24.jpg","jetpack_sharing_enabled":true,"jetpack_likes_enabled":true,"amp_enabled":true,"_links":{"self":[{"href":"https:\/\/encuentroinformativo.com.mx\/index.php?rest_route=\/wp\/v2\/posts\/44996","targetHints":{"allow":["GET"]}}],"collection":[{"href":"https:\/\/encuentroinformativo.com.mx\/index.php?rest_route=\/wp\/v2\/posts"}],"about":[{"href":"https:\/\/encuentroinformativo.com.mx\/index.php?rest_route=\/wp\/v2\/types\/post"}],"author":[{"embeddable":true,"href":"https:\/\/encuentroinformativo.com.mx\/index.php?rest_route=\/wp\/v2\/users\/2476"}],"replies":[{"embeddable":true,"href":"https:\/\/encuentroinformativo.com.mx\/index.php?rest_route=%2Fwp%2Fv2%2Fcomments&post=44996"}],"version-history":[{"count":1,"href":"https:\/\/encuentroinformativo.com.mx\/index.php?rest_route=\/wp\/v2\/posts\/44996\/revisions"}],"predecessor-version":[{"id":44998,"href":"https:\/\/encuentroinformativo.com.mx\/index.php?rest_route=\/wp\/v2\/posts\/44996\/revisions\/44998"}],"wp:featuredmedia":[{"embeddable":true,"href":"https:\/\/encuentroinformativo.com.mx\/index.php?rest_route=\/wp\/v2\/media\/44997"}],"wp:attachment":[{"href":"https:\/\/encuentroinformativo.com.mx\/index.php?rest_route=%2Fwp%2Fv2%2Fmedia&parent=44996"}],"wp:term":[{"taxonomy":"category","embeddable":true,"href":"https:\/\/encuentroinformativo.com.mx\/index.php?rest_route=%2Fwp%2Fv2%2Fcategories&post=44996"},{"taxonomy":"post_tag","embeddable":true,"href":"https:\/\/encuentroinformativo.com.mx\/index.php?rest_route=%2Fwp%2Fv2%2Ftags&post=44996"}],"curies":[{"name":"wp","href":"https:\/\/api.w.org\/{rel}","templated":true}]}}