{"id":44999,"date":"2023-09-10T19:42:01","date_gmt":"2023-09-11T01:42:01","guid":{"rendered":"https:\/\/encuentroinformativo.com.mx\/?p=44999"},"modified":"2023-09-10T19:42:05","modified_gmt":"2023-09-11T01:42:05","slug":"desde-papantla-el-foro-de-expresion-del-pueblo-la-cuarta-transformacion-y-hacia-donde-vamos-un-exito","status":"publish","type":"post","link":"https:\/\/encuentroinformativo.com.mx\/?p=44999","title":{"rendered":"Desde Papantla, el Foro de Expresi\u00f3n del Pueblo: La Cuarta Transformaci\u00f3n y hacia d\u00f3nde vamos, un \u00e9xito"},"content":{"rendered":"\n<p>Papantla, Ver.- Ante m\u00e1s de 3000 asistentes este d\u00eda se realiz\u00f3 el Foro de Expresi\u00f3n del Pueblo: La Cuarta Transformaci\u00f3n y hac\u00eda d\u00f3nde vamos en Papantla. El l\u00edder de la organizaci\u00f3n Unidos Todos, una vez m\u00e1s, llev\u00f3 el mensaje del trabajo realizado por nuestro Presidente Andr\u00e9s Manuel L\u00f3pez Obrador y Gobernador Ing. Cuitl\u00e1huac Garc\u00eda Jim\u00e9nez.<\/p>\n\n\n\n<p>Dominga Ventura Jim\u00e9nez, campesina originaria, hablante del totonaco, al tomar la palabra, se\u00f1al\u00f3 su agradecimiento a los programas que han beneficiado el campo y la importancia de abonar al bienestar del Estado.<\/p>\n\n\n\n<p>Eleazar Guerrero P\u00e9rez, recalc\u00f3 la unidad que prevalece, el trabajo en equipo y agradeci\u00f3 la asistencia de hombres y mujeres de convicci\u00f3n.<\/p>\n\n\n\n<p>\u201cYa no tenemos mucho que decir, los testimonios lo dijeron todo, estos foros son para escuchar al pueblo, para saber si la Cuarta Transformaci\u00f3n va bien, para demostrar a los adversarios que la 4T es una realidad, esta viva y est\u00e1 actuando en el campo, en nuestras universidades\u201d, resalt\u00f3 Guerrero P\u00e9rez.<\/p>\n\n\n\n<p>Los foros fueron creados para la retroalimentaci\u00f3n de la Cuarta Transformaci\u00f3n, para comprobar que las pol\u00edticas p\u00fablicas del Presidente Andr\u00e9s Manuel L\u00f3pez Obrador y el Gobernador Ing. Cuitl\u00e1huac Garc\u00eda Jim\u00e9nez, son una realidad, basada en la honestidad y por ello se debe continuar con entusiasmo de la mano de los j\u00f3venes, hombres y mujeres, de Unidos Todos.<\/p>\n\n\n\n<p>Recalc\u00f3 sobre la lucha de las mujeres por la libertad y autonom\u00eda para aportar a sus familias y Pa\u00eds. Destacando, el trabajo de AMLO al integrar a mujeres a su gabinete. \u201cComo no vamos a estar orgullosos de nuestras mujeres mexicanas si su lucha de a\u00f1os est\u00e1 teniendo \u00e9xito\u201d, asever\u00f3 el l\u00edder de UT.<\/p>\n\n\n\n<p>Exhort\u00f3 a hacer pol\u00edtica con amor, y continuar apoyando a las mujeres para la Transformaci\u00f3n de Veracruz.<\/p>\n\n\n\n<p>Finalmente, ejemplific\u00f3 a Claudia Sheinbaum como la futura presidenta de M\u00e9xico, gracias a su \u00edmpetu y trabajo, es referente para exaltar la labor de las mujeres.<\/p>\n","protected":false},"excerpt":{"rendered":"<p>Papantla, Ver.- Ante m\u00e1s de 3000 asistentes este d\u00eda se realiz\u00f3 el Foro de Expresi\u00f3n del Pueblo: La Cuarta Transformaci\u00f3n y hac\u00eda d\u00f3nde vamos en Papantla. El l\u00edder de la organizaci\u00f3n Unidos Todos, una vez m\u00e1s, llev\u00f3 el mensaje del trabajo realizado por nuestro Presidente Andr\u00e9s Manuel L\u00f3pez Obrador y Gobernador Ing. Cuitl\u00e1huac Garc\u00eda Jim\u00e9nez. [&hellip;]<\/p>\n","protected":false},"author":2476,"featured_media":45000,"comment_status":"open","ping_status":"open","sticky":false,"template":"","format":"standard","meta":{"_jetpack_memberships_contains_paid_content":false,"footnotes":""},"categories":[2],"tags":[],"class_list":["post-44999","post","type-post","status-publish","format-standard","has-post-thumbnail","hentry","category-estado"],"jetpack_featured_media_url":"https:\/\/encuentroinformativo.com.mx\/wp-content\/uploads\/2023\/09\/IMG-20230910-WA0045.jpg","jetpack_sharing_enabled":true,"jetpack_likes_enabled":true,"amp_enabled":true,"_links":{"self":[{"href":"https:\/\/encuentroinformativo.com.mx\/index.php?rest_route=\/wp\/v2\/posts\/44999","targetHints":{"allow":["GET"]}}],"collection":[{"href":"https:\/\/encuentroinformativo.com.mx\/index.php?rest_route=\/wp\/v2\/posts"}],"about":[{"href":"https:\/\/encuentroinformativo.com.mx\/index.php?rest_route=\/wp\/v2\/types\/post"}],"author":[{"embeddable":true,"href":"https:\/\/encuentroinformativo.com.mx\/index.php?rest_route=\/wp\/v2\/users\/2476"}],"replies":[{"embeddable":true,"href":"https:\/\/encuentroinformativo.com.mx\/index.php?rest_route=%2Fwp%2Fv2%2Fcomments&post=44999"}],"version-history":[{"count":1,"href":"https:\/\/encuentroinformativo.com.mx\/index.php?rest_route=\/wp\/v2\/posts\/44999\/revisions"}],"predecessor-version":[{"id":45001,"href":"https:\/\/encuentroinformativo.com.mx\/index.php?rest_route=\/wp\/v2\/posts\/44999\/revisions\/45001"}],"wp:featuredmedia":[{"embeddable":true,"href":"https:\/\/encuentroinformativo.com.mx\/index.php?rest_route=\/wp\/v2\/media\/45000"}],"wp:attachment":[{"href":"https:\/\/encuentroinformativo.com.mx\/index.php?rest_route=%2Fwp%2Fv2%2Fmedia&parent=44999"}],"wp:term":[{"taxonomy":"category","embeddable":true,"href":"https:\/\/encuentroinformativo.com.mx\/index.php?rest_route=%2Fwp%2Fv2%2Fcategories&post=44999"},{"taxonomy":"post_tag","embeddable":true,"href":"https:\/\/encuentroinformativo.com.mx\/index.php?rest_route=%2Fwp%2Fv2%2Ftags&post=44999"}],"curies":[{"name":"wp","href":"https:\/\/api.w.org\/{rel}","templated":true}]}}