{"id":45002,"date":"2023-09-10T19:47:08","date_gmt":"2023-09-11T01:47:08","guid":{"rendered":"https:\/\/encuentroinformativo.com.mx\/?p=45002"},"modified":"2023-09-10T19:47:12","modified_gmt":"2023-09-11T01:47:12","slug":"en-foro-de-expresion-expone-eleazar-guerrero-perez-la-cuarta-transformacion-y-hacia-donde-vamos","status":"publish","type":"post","link":"https:\/\/encuentroinformativo.com.mx\/?p=45002","title":{"rendered":"En foro de expresi\u00f3n expone Eleazar Guerrero P\u00e9rez \u201cLa CUARTA TRANSFORMACI\u00d3N y hacia d\u00f3nde vamos\u201d"},"content":{"rendered":"\n<p><strong>*Se dijo contento por el proceso donde se eligi\u00f3 a Claudia Sheinbaum Coordinadora de los Comit\u00e9s de Defensa de la CUARTA TRANSFORMACI\u00d3N.<\/strong><\/p>\n\n\n\n<p><strong>*Exhort\u00f3 a su audiencia a estar alertas en tiempos electorales, porque los enemigos del pueblo act\u00faan como vampiros chupasangre.<\/strong><\/p>\n\n\n\n<p>Papantla, Ver.- Eleazar Guerrero P\u00e9rez dirigente de la expresi\u00f3n ciudadana UNIDOS TODOS, uno de los mejores guerreros de la CUARTA TRANSFORMACI\u00d3N en Veracruz, ha hecho suyo el reto de llevar a todo el estado el Foro de Expresi\u00f3n del Pueblo.<\/p>\n\n\n\n<p>El prop\u00f3sito fundamental de estos foros es brindar informaci\u00f3n clara y precisa a los simpatizantes del Movimiento de Regeneraci\u00f3n Nacional (MORENA) y a todos aquellos que coinciden con los principios de la TRANSFORMACI\u00d3N.<\/p>\n\n\n\n<p>Este proceso hist\u00f3rico se inici\u00f3 en nuestro pa\u00eds con la consolidaci\u00f3n de la democracia en M\u00e9xico y la llegada al poder del gobierno federal encabezado por el presidente Andr\u00e9s Manuel L\u00f3pez Obrador, quien ha defendido como nadie los intereses de los mexicanos.<\/p>\n\n\n\n<p>Durante estos foros, se discuten los logros y desaf\u00edos, as\u00ed como las acciones y pol\u00edticas que se est\u00e1n implementando para mejorar la vida de los ciudadanos. El objetivo es fomentar la participaci\u00f3n ciudadana activa y cr\u00edtica, para encontrar los espacios de oportunidad donde haga falta y fortalecer las acciones que han brindado mejores resultados.<\/p>\n\n\n\n<p>Eleazar Guerrero P\u00e9rez es un promotor incansable de este gran movimiento y uno de los mejores exponentes de la TRANSFORMACI\u00d3N; este d\u00eda frente a m\u00e1s de tres mil personas que se dieron cita en el auditorio de la Asociaci\u00f3n Ganadera afirm\u00f3: \u201cEn el 2018 UNIDOS TODOS, m\u00e1s de 31 millones de personas decidimos derrocar a esos gobiernos, ladrones, mentirosos que nos enga\u00f1aron durante casi 40 a\u00f1os. Que cada a\u00f1o sumaban un mill\u00f3n de mexicanos a la pobreza, nunca pod\u00edamos salir de la pobreza. Cuando lleg\u00f3 la CUARTA TRANSFORMACI\u00d3N el salario m\u00ednimo era de 80 pesos, porque no pod\u00eda aumentar m\u00e1s. Sin embargo el presidente patriota, valiente, con los pantalones bien puestos cumpli\u00f3 el compromiso con el pueblo de M\u00e9xico y de un solo jal\u00f3n aument\u00f3 el salario en casi un 40% y no pas\u00f3 nada en este pa\u00eds, nada malo, no se derrumb\u00f3 la econom\u00eda\u201d.<\/p>\n\n\n\n<p>Exhort\u00f3 a su audiencia a estar alertas en tiempos electorales, porque los enemigos del pueblo act\u00faan como vampiros chupasangre: \u201cporque ahora que se acercan los tiempos electorales ya nuevamente despertaron como si fueran vampiros chupasangre que despiertan en los tiempos electorales y ah\u00ed andan queriendo enga\u00f1ar nuevamente a la gente. Ah\u00ed andan queriendo enga\u00f1ar otra vez al pueblo, diciendo que ahora s\u00ed son buenos, que ellos si saben c\u00f3mo se hacen las cosas; \u00a1Parec\u00edan enemigos del pueblo!\u00a1M\u00e1s bien son enemigos del pueblo! Porque hoy que le est\u00e1 yendo bien al pueblo, al que le dejaron un salario m\u00ednimo de 80 pesos y que hoy es de 207 pesos, hoy que vemos que Veracruz ha salido de los primeros lugares de inseguridad, hoy que vemos que hay finanzas sanas, hoy que vemos a un gobierno responsable, honesto y comprometido con la gente, no los debemos dejar pasar por ning\u00fan motivo\u201d.<\/p>\n\n\n\n<p>Al cerrar su intervenci\u00f3n reconoci\u00f3 el avance que se ha dado en nuestro pa\u00eds y en Veracruz, donde se han abierto las oportunidades a las mujeres como lo hizo el presidente en su gabinete y el gobernador donde m\u00e1s de la mitad de los cargos p\u00fablicos son encabezados por mujeres, adem\u00e1s todos los tribunales de impartici\u00f3n de justicia son dirigidos una mujer.<\/p>\n\n\n\n<p>Se dijo contento por el reciente proceso que vivi\u00f3 MORENA para renovar los liderazgos de la CUARTA TRANSFORMACI\u00d3N, donde el pueblo de M\u00e9xico encarg\u00f3 esta responsabilidad a una mujer, de la cual afirm\u00f3 que es una mujer brillante, una mujer comprometida con las causas m\u00e1s importantes del pueblo \u201cClaudia Sheinbaum nuestra coordinadora nacional de los comit\u00e9s de defensa de la TRANSFORMACI\u00d3N\u201d concluy\u00f3.<\/p>\n\n\n\n<p class=\"has-text-align-center\"><strong>Apoyo contundente a la 4T en el coraz\u00f3n del Totonacapan<\/strong><\/p>\n\n\n\n<p class=\"has-text-align-left\">El l\u00edder de Unidos Todos, Eleazar Guerrero P\u00e9rez encabez\u00f3 el noveno foro de Expresi\u00f3n del Pueblo \u201cLa Cuarta Transformaci\u00f3n y hacia donde vamos\u201d, en el municipio de Papantla, Veracruz, acompa\u00f1ado de m\u00e1s de tres mil asistentes que respaldaron los logros de la 4T en estos \u00faltimos cinco a\u00f1os.<\/p>\n\n\n\n<p>Eleazar Guerrero P\u00e9rez ha impulsado estas acciones para que por medio de los foros y de viva voz, el pueblo exprese sus experiencias de los beneficios y aprovechamientos que han obtenido sus familias, sus comunidades y para ellos mismos.<\/p>\n\n\n\n<p>En el coraz\u00f3n del Totonacapan, y ante mas de tres mil personas convencidas de los logros de la 4T, los presentes escucharon el mensaje de Guerrero P\u00e9rez para alentarlos a que sigan luchando por la Transformaci\u00f3n.<\/p>\n\n\n\n<p>\u201cQue las pol\u00edticas p\u00fablicas del presidente Andr\u00e9s Manuel L\u00f3pez Obrador, que las pol\u00edticas p\u00fablicas de nuestro Gobernador Cuitl\u00e1huac Garc\u00eda Jimenez, si est\u00e1n dando resultados en la gente, porque entre todas y todos Unidos Todos tenemos que demostrarles a esos personajes que nos enga\u00f1aron durante cuatro a\u00f1os, que con nosotros no van a poder, con nosotros la 4T si es una realidad\u201d, expres\u00f3.<\/p>\n\n\n\n<p>En este evento estuvieron trabajadores del campo de los municipios de Filomeno Mata, Chumatl\u00e1n y Coxquihui, quienes, haciendo uso de su lengua originaria Totonaca, agradecieron los programas del gobierno Federal, como Construyendo el Futuro, Sembrando Vidas, Adultos Mayores, Becas Benito Ju\u00e1rez.<\/p>\n\n\n\n<p>Luego de resaltar los importantes logros en todos los sectores econ\u00f3micos, pol\u00edticos, sociales y de seguridad, el fundado de Unidos Todos resalt\u00f3 el papel de la mujer en la 4T, \u201cnosotros en la Cuarta Transformaci\u00f3n decimos que nuestros gobiernos est\u00e1n basado en el humanismo, y si el humanismo tiene que ver con el amor, quien mas que una mujer que pueda tener para concebir una vida, una inteligencia para hacer que los hogares contin\u00faen unidos, quien mas sino las mujeres, por que en Veracruz y en M\u00e9xico tenemos a las mujeres mas brillantes en la Cuarta Transformaci\u00f3n\u201d.<\/p>\n\n\n\n<figure class=\"wp-block-image size-large\"><img loading=\"lazy\" decoding=\"async\" width=\"1024\" height=\"576\" src=\"https:\/\/encuentroinformativo.com.mx\/wp-content\/uploads\/2023\/09\/IMG-20230910-WA0047.jpg\" alt=\"\" class=\"wp-image-45004\" srcset=\"https:\/\/encuentroinformativo.com.mx\/wp-content\/uploads\/2023\/09\/IMG-20230910-WA0047.jpg 1024w, https:\/\/encuentroinformativo.com.mx\/wp-content\/uploads\/2023\/09\/IMG-20230910-WA0047-300x169.jpg 300w, https:\/\/encuentroinformativo.com.mx\/wp-content\/uploads\/2023\/09\/IMG-20230910-WA0047-768x432.jpg 768w\" sizes=\"auto, (max-width: 1024px) 100vw, 1024px\" \/><\/figure>\n","protected":false},"excerpt":{"rendered":"<p>*Se dijo contento por el proceso donde se eligi\u00f3 a Claudia Sheinbaum Coordinadora de los Comit\u00e9s de Defensa de la CUARTA TRANSFORMACI\u00d3N. *Exhort\u00f3 a su audiencia a estar alertas en tiempos electorales, porque los enemigos del pueblo act\u00faan como vampiros chupasangre. Papantla, Ver.- Eleazar Guerrero P\u00e9rez dirigente de la expresi\u00f3n ciudadana UNIDOS TODOS, uno de [&hellip;]<\/p>\n","protected":false},"author":2476,"featured_media":45003,"comment_status":"open","ping_status":"open","sticky":false,"template":"","format":"standard","meta":{"_jetpack_memberships_contains_paid_content":false,"footnotes":""},"categories":[2],"tags":[],"class_list":["post-45002","post","type-post","status-publish","format-standard","has-post-thumbnail","hentry","category-estado"],"jetpack_featured_media_url":"https:\/\/encuentroinformativo.com.mx\/wp-content\/uploads\/2023\/09\/IMG-20230910-WA00422.jpg","jetpack_sharing_enabled":true,"jetpack_likes_enabled":true,"amp_enabled":true,"_links":{"self":[{"href":"https:\/\/encuentroinformativo.com.mx\/index.php?rest_route=\/wp\/v2\/posts\/45002","targetHints":{"allow":["GET"]}}],"collection":[{"href":"https:\/\/encuentroinformativo.com.mx\/index.php?rest_route=\/wp\/v2\/posts"}],"about":[{"href":"https:\/\/encuentroinformativo.com.mx\/index.php?rest_route=\/wp\/v2\/types\/post"}],"author":[{"embeddable":true,"href":"https:\/\/encuentroinformativo.com.mx\/index.php?rest_route=\/wp\/v2\/users\/2476"}],"replies":[{"embeddable":true,"href":"https:\/\/encuentroinformativo.com.mx\/index.php?rest_route=%2Fwp%2Fv2%2Fcomments&post=45002"}],"version-history":[{"count":1,"href":"https:\/\/encuentroinformativo.com.mx\/index.php?rest_route=\/wp\/v2\/posts\/45002\/revisions"}],"predecessor-version":[{"id":45005,"href":"https:\/\/encuentroinformativo.com.mx\/index.php?rest_route=\/wp\/v2\/posts\/45002\/revisions\/45005"}],"wp:featuredmedia":[{"embeddable":true,"href":"https:\/\/encuentroinformativo.com.mx\/index.php?rest_route=\/wp\/v2\/media\/45003"}],"wp:attachment":[{"href":"https:\/\/encuentroinformativo.com.mx\/index.php?rest_route=%2Fwp%2Fv2%2Fmedia&parent=45002"}],"wp:term":[{"taxonomy":"category","embeddable":true,"href":"https:\/\/encuentroinformativo.com.mx\/index.php?rest_route=%2Fwp%2Fv2%2Fcategories&post=45002"},{"taxonomy":"post_tag","embeddable":true,"href":"https:\/\/encuentroinformativo.com.mx\/index.php?rest_route=%2Fwp%2Fv2%2Ftags&post=45002"}],"curies":[{"name":"wp","href":"https:\/\/api.w.org\/{rel}","templated":true}]}}