{"id":4501,"date":"2020-07-29T13:57:46","date_gmt":"2020-07-29T18:57:46","guid":{"rendered":"https:\/\/encuentroinformativo.com\/?p=4501"},"modified":"2020-07-29T13:57:48","modified_gmt":"2020-07-29T18:57:48","slug":"celebran-docentes-suspension-de-clases-presenciales","status":"publish","type":"post","link":"https:\/\/encuentroinformativo.com.mx\/?p=4501","title":{"rendered":"Celebran docentes suspensi\u00f3n de clases presenciales"},"content":{"rendered":"\n<p><strong>Juan Arcos <\/strong><\/p>\n\n\n\n<p>Xalapa, Ver.- Docentes del estado de Veracruz se pronunciaron a favor de la suspensi\u00f3n de actividades presenciales en las escuelas para evitar la propagaci\u00f3n del COVID-19.<\/p>\n\n\n\n<p>El profesor de Educaci\u00f3n F\u00edsica, Alberto Baizabal L\u00f3pez, indic\u00f3 que es una prioridad garantizar la salud, tanto de los estudiantes como de los trabajadores.<\/p>\n\n\n\n<p>\u201cEstoy de acuerdo porque hay que priorizar la salud, tanto de los compa\u00f1eros maestros como de los alumnos. Si nos estamos guiando por un sem\u00e1foro y est\u00e1 en rojo, no podemos arriesgarnos a trabajar de manera presencial\u201d.<\/p>\n\n\n\n<p>Cabe recordar que la Secretar\u00eda de Educaci\u00f3n de Veracruz (SEV) anunci\u00f3 la suspensi\u00f3n de las inscripciones y reinscripciones al ciclo escolar 2020-2021 por la pandemia. Dicha situaci\u00f3n aplicar\u00eda para preescolar, primaria, secundaria, educaci\u00f3n especial y educaci\u00f3n ind\u00edgena.<\/p>\n\n\n\n<p>En ese sentido, el docente del municipio de Acayucan mencion\u00f3 que hay padres de familia que ya quieren llevar a cabo labores de limpieza en los planteles.<\/p>\n\n\n\n<p>\u201cRegularmente en varios lugares hay pap\u00e1s que est\u00e1n muy ansiosos o que ya quieren presentarse a hacer faena a limpiar la escuela para tener condiciones adecuadas para el regreso y es por eso que se pospusieron las inscripciones y toda actividad presencial en las escuelas\u201d.<\/p>\n\n\n\n<p>El maestro mencion\u00f3 que las actividades presenciales en las escuelas ser\u00e1n retomadas hasta nuevo aviso y depender\u00e1 de la situaci\u00f3n epidemiol\u00f3gica en la entidad.<\/p>\n\n\n\n<p>\u201cDesde mi punto de vista est\u00e1 bien que se hayan recorrido hasta nuevo aviso para cuidar de la salud de todos\u201d, remat\u00f3.<\/p>\n\n\n\n<p><\/p>\n","protected":false},"excerpt":{"rendered":"<p>Juan Arcos Xalapa, Ver.- Docentes del estado de Veracruz se pronunciaron a favor de la suspensi\u00f3n de actividades presenciales en las escuelas para evitar la propagaci\u00f3n del COVID-19. El profesor de Educaci\u00f3n F\u00edsica, Alberto Baizabal L\u00f3pez, indic\u00f3 que es una prioridad garantizar la salud, tanto de los estudiantes como de los trabajadores. \u201cEstoy de acuerdo [&hellip;]<\/p>\n","protected":false},"author":1,"featured_media":4502,"comment_status":"open","ping_status":"open","sticky":false,"template":"","format":"standard","meta":{"_jetpack_memberships_contains_paid_content":false,"footnotes":""},"categories":[2],"tags":[],"class_list":["post-4501","post","type-post","status-publish","format-standard","has-post-thumbnail","hentry","category-estado"],"jetpack_featured_media_url":"https:\/\/encuentroinformativo.com.mx\/wp-content\/uploads\/2020\/07\/F2193304-40D6-4FA0-AECE-E72EE7659ECE.jpeg","jetpack_sharing_enabled":true,"jetpack_likes_enabled":true,"amp_enabled":true,"_links":{"self":[{"href":"https:\/\/encuentroinformativo.com.mx\/index.php?rest_route=\/wp\/v2\/posts\/4501","targetHints":{"allow":["GET"]}}],"collection":[{"href":"https:\/\/encuentroinformativo.com.mx\/index.php?rest_route=\/wp\/v2\/posts"}],"about":[{"href":"https:\/\/encuentroinformativo.com.mx\/index.php?rest_route=\/wp\/v2\/types\/post"}],"author":[{"embeddable":true,"href":"https:\/\/encuentroinformativo.com.mx\/index.php?rest_route=\/wp\/v2\/users\/1"}],"replies":[{"embeddable":true,"href":"https:\/\/encuentroinformativo.com.mx\/index.php?rest_route=%2Fwp%2Fv2%2Fcomments&post=4501"}],"version-history":[{"count":1,"href":"https:\/\/encuentroinformativo.com.mx\/index.php?rest_route=\/wp\/v2\/posts\/4501\/revisions"}],"predecessor-version":[{"id":4503,"href":"https:\/\/encuentroinformativo.com.mx\/index.php?rest_route=\/wp\/v2\/posts\/4501\/revisions\/4503"}],"wp:featuredmedia":[{"embeddable":true,"href":"https:\/\/encuentroinformativo.com.mx\/index.php?rest_route=\/wp\/v2\/media\/4502"}],"wp:attachment":[{"href":"https:\/\/encuentroinformativo.com.mx\/index.php?rest_route=%2Fwp%2Fv2%2Fmedia&parent=4501"}],"wp:term":[{"taxonomy":"category","embeddable":true,"href":"https:\/\/encuentroinformativo.com.mx\/index.php?rest_route=%2Fwp%2Fv2%2Fcategories&post=4501"},{"taxonomy":"post_tag","embeddable":true,"href":"https:\/\/encuentroinformativo.com.mx\/index.php?rest_route=%2Fwp%2Fv2%2Ftags&post=4501"}],"curies":[{"name":"wp","href":"https:\/\/api.w.org\/{rel}","templated":true}]}}