{"id":45013,"date":"2023-09-11T09:58:23","date_gmt":"2023-09-11T15:58:23","guid":{"rendered":"https:\/\/encuentroinformativo.com.mx\/?p=45013"},"modified":"2023-09-11T09:58:27","modified_gmt":"2023-09-11T15:58:27","slug":"un-exito-el-programa-activa-el-corazon-de-boca-alcalde-jm-unanue","status":"publish","type":"post","link":"https:\/\/encuentroinformativo.com.mx\/?p=45013","title":{"rendered":"Un \u00e9xito el programa \u201cActiva el Coraz\u00f3n de Boca\u201d: Alcalde JM Un\u00e1nue"},"content":{"rendered":"\n<p><strong>*<em>Durante tres d\u00edas, la cabecera municipal de Boca del R\u00edo \u201cvivi\u00f3\u201d de noche con actividades gastron\u00f3micas, art\u00edsticas y culturales fomentando as\u00ed la econom\u00eda local<\/em>.<\/strong><\/p>\n\n\n\n<p>Boca del R\u00edo, Ver.- Con el objetivo de reactivar el centro de la ciudad de Boca del R\u00edo, el Ayuntamiento en conjunto con el sector restaurantero y tur\u00edstico, organiz\u00f3 la primera edici\u00f3n del programa &#8220;Activa el Coraz\u00f3n de Boca&#8221;.<\/p>\n\n\n\n<p>Durante los d\u00edas viernes, s\u00e1bado y domingo, se llevaron a cabo actividades gastron\u00f3micas, art\u00edsticas y culturales en las que los boque\u00f1os y visitantes pudieron disfrutar su estancia en esta zona de la ciudad.<\/p>\n\n\n\n<p>\u201cIndependientemente de los eventos espec\u00edficos que tenemos de manera tradicional, como son los deportivos y art\u00edsticos, estamos abriendo la oportunidad con muestras gastron\u00f3micas tradicionales para as\u00ed ayudar a la reactivaci\u00f3n econ\u00f3mica de la cabecera municipal\u201d, inform\u00f3 el edil.<\/p>\n\n\n\n<p>De igual forma, el Mercadito de \u201cUnidas Somos M\u00e1s Fuertes\u201d del DIF boque\u00f1o se sum\u00f3 a este programa con la participaci\u00f3n de 50 emprendedoras, siendo uno de los principales atractivos para los locales y turistas que visitaron este fin de semana nuestro municipio.<\/p>\n\n\n\n<p>Adem\u00e1s, estuvieron animando el ambiente grupos musicales de la regi\u00f3n y se llev\u00f3 a cabo una muestra gastron\u00f3mica con los platillos m\u00e1s representativos, llamando la atenci\u00f3n de los visitantes quienes pudieron disfrutar de los sabores boque\u00f1os.<\/p>\n\n\n\n<p>Finalmente, el Presidente Municipal, Juan Manuel Un\u00e1nue Abascal, reiter\u00f3 que continuar\u00e1 promoviendo la actividad tur\u00edstica y econ\u00f3mica en la ciudad, con la finalidad de brindar a los locales la oportunidad de ofrecer sus productos y servicios a quienes nos visitan y de esta forma seguir reactivando la econom\u00eda de Boca del R\u00edo.<\/p>\n\n\n\n<figure class=\"wp-block-image size-large\"><img loading=\"lazy\" decoding=\"async\" width=\"1024\" height=\"684\" src=\"https:\/\/encuentroinformativo.com.mx\/wp-content\/uploads\/2023\/09\/IMG-20230911-WA0007.jpg\" alt=\"\" class=\"wp-image-45015\" srcset=\"https:\/\/encuentroinformativo.com.mx\/wp-content\/uploads\/2023\/09\/IMG-20230911-WA0007.jpg 1024w, https:\/\/encuentroinformativo.com.mx\/wp-content\/uploads\/2023\/09\/IMG-20230911-WA0007-300x200.jpg 300w, https:\/\/encuentroinformativo.com.mx\/wp-content\/uploads\/2023\/09\/IMG-20230911-WA0007-768x513.jpg 768w\" sizes=\"auto, (max-width: 1024px) 100vw, 1024px\" \/><\/figure>\n","protected":false},"excerpt":{"rendered":"<p>*Durante tres d\u00edas, la cabecera municipal de Boca del R\u00edo \u201cvivi\u00f3\u201d de noche con actividades gastron\u00f3micas, art\u00edsticas y culturales fomentando as\u00ed la econom\u00eda local. Boca del R\u00edo, Ver.- Con el objetivo de reactivar el centro de la ciudad de Boca del R\u00edo, el Ayuntamiento en conjunto con el sector restaurantero y tur\u00edstico, organiz\u00f3 la primera [&hellip;]<\/p>\n","protected":false},"author":2476,"featured_media":45014,"comment_status":"open","ping_status":"open","sticky":false,"template":"","format":"standard","meta":{"_jetpack_memberships_contains_paid_content":false,"footnotes":""},"categories":[2],"tags":[],"class_list":["post-45013","post","type-post","status-publish","format-standard","has-post-thumbnail","hentry","category-estado"],"jetpack_featured_media_url":"https:\/\/encuentroinformativo.com.mx\/wp-content\/uploads\/2023\/09\/IMG-20230911-WA0004.jpg","jetpack_sharing_enabled":true,"jetpack_likes_enabled":true,"amp_enabled":true,"_links":{"self":[{"href":"https:\/\/encuentroinformativo.com.mx\/index.php?rest_route=\/wp\/v2\/posts\/45013","targetHints":{"allow":["GET"]}}],"collection":[{"href":"https:\/\/encuentroinformativo.com.mx\/index.php?rest_route=\/wp\/v2\/posts"}],"about":[{"href":"https:\/\/encuentroinformativo.com.mx\/index.php?rest_route=\/wp\/v2\/types\/post"}],"author":[{"embeddable":true,"href":"https:\/\/encuentroinformativo.com.mx\/index.php?rest_route=\/wp\/v2\/users\/2476"}],"replies":[{"embeddable":true,"href":"https:\/\/encuentroinformativo.com.mx\/index.php?rest_route=%2Fwp%2Fv2%2Fcomments&post=45013"}],"version-history":[{"count":1,"href":"https:\/\/encuentroinformativo.com.mx\/index.php?rest_route=\/wp\/v2\/posts\/45013\/revisions"}],"predecessor-version":[{"id":45016,"href":"https:\/\/encuentroinformativo.com.mx\/index.php?rest_route=\/wp\/v2\/posts\/45013\/revisions\/45016"}],"wp:featuredmedia":[{"embeddable":true,"href":"https:\/\/encuentroinformativo.com.mx\/index.php?rest_route=\/wp\/v2\/media\/45014"}],"wp:attachment":[{"href":"https:\/\/encuentroinformativo.com.mx\/index.php?rest_route=%2Fwp%2Fv2%2Fmedia&parent=45013"}],"wp:term":[{"taxonomy":"category","embeddable":true,"href":"https:\/\/encuentroinformativo.com.mx\/index.php?rest_route=%2Fwp%2Fv2%2Fcategories&post=45013"},{"taxonomy":"post_tag","embeddable":true,"href":"https:\/\/encuentroinformativo.com.mx\/index.php?rest_route=%2Fwp%2Fv2%2Ftags&post=45013"}],"curies":[{"name":"wp","href":"https:\/\/api.w.org\/{rel}","templated":true}]}}