{"id":45017,"date":"2023-09-11T10:34:24","date_gmt":"2023-09-11T16:34:24","guid":{"rendered":"https:\/\/encuentroinformativo.com.mx\/?p=45017"},"modified":"2023-09-11T10:34:29","modified_gmt":"2023-09-11T16:34:29","slug":"docentes-reclaman-destitucion-de-director-de-educacion-indigena-protestan-en-la-sev","status":"publish","type":"post","link":"https:\/\/encuentroinformativo.com.mx\/?p=45017","title":{"rendered":"Docentes reclaman destituci\u00f3n de director de educaci\u00f3n ind\u00edgena, protestan en la SEV"},"content":{"rendered":"\n<p><strong>Dar\u00edo Pale <\/strong><\/p>\n\n\n\n<p>Xalapa, Ver.- Desde las 6 de la ma\u00f1ana tomaron las instalaciones de la Secretar\u00eda de Educaci\u00f3n de Veracruz (SEV), docentes del nivel de educaci\u00f3n ind\u00edgena y que pertenecen al Sindicato Nacional de Trabajadores de la Educaci\u00f3n (SNTE), secci\u00f3n 32, piden la destituci\u00f3n del director del nivel de &#8220;Educaci\u00f3n Ind\u00edgena&#8221; Marcelo Tepole Ram\u00edrez, por no respetar los acuerdos.<\/p>\n\n\n\n<p>Entrevistado durante la manifestaci\u00f3n, \u00a0el secretario de negociaci\u00f3n laboral de la secci\u00f3n 32 del SNTE Profesor Ricardo Reyes Cruz, se\u00f1al\u00f3 que el director no respeta los acuerdos previamente establecidos con la secretar\u00eda, y esto a perjudicado a muchos trabajadores del nivel educativo, que hoy en d\u00eda no tienen contrato en la primera quincena, en d\u00f3nde se ven perjudicados al no recibir sus clases.<\/p>\n\n\n\n<p>Dio a conocer que se ven afectados 120 Docentes del nivel ind\u00edgena, el director Marcelo Tepole Ram\u00edrez, ha realizado movimientos y apoyado a gente que no estaban contemplados en \u00e9sas plazas, critic\u00f3 y ejecut\u00f3 a maestros que seg\u00fan en una evaluaci\u00f3n que el mismo realiz\u00f3 de la lengua no pasaron el examen, cuando ya hab\u00edan pasado el examen de selecci\u00f3n en la USSICAM.<\/p>\n\n\n\n<p>&#8220;Tambi\u00e9n acordamos que aquellos docentes que no pasaran el examen se les iba a dar un espacio en la recontrataci\u00f3n, es un n\u00famero de plazas que vienen cubriendo maestros de manera temporal, pero que ya llevan varios a\u00f1os cubriendo, de ah\u00ed mismo sale la formaci\u00f3n de los futuros maestros&#8221;, se\u00f1al\u00f3.<\/p>\n\n\n\n<p>Por lo que se ven atropellados los derechos humanos de los trabajadores, pero lo m\u00e1s grave que los maestros hacen falta en las escuelas de este nivel educativo ind\u00edgena de los municipios que son, Encinal, Papantla Huayacocotla, Chincotepec, Zongolica, en total son 120 docentes y perjudicando a m\u00e1s de dos mil alumnos de los niveles de preescolar y primaria.<\/p>\n\n\n\n<p>Finalmente cabe se\u00f1alar que los manifestantes no se van a retirar de la toma de oficinas hasta que est\u00e9 director, Marcelo Tepole Ram\u00edrez, se vaya de la secretar\u00eda de educaci\u00f3n de Veracruz.<\/p>\n\n\n\n<figure class=\"wp-block-image size-large\"><img loading=\"lazy\" decoding=\"async\" width=\"1024\" height=\"768\" src=\"https:\/\/encuentroinformativo.com.mx\/wp-content\/uploads\/2023\/09\/IMG-20230911-WA0027-1024x768.jpg\" alt=\"\" class=\"wp-image-45019\" srcset=\"https:\/\/encuentroinformativo.com.mx\/wp-content\/uploads\/2023\/09\/IMG-20230911-WA0027-1024x768.jpg 1024w, https:\/\/encuentroinformativo.com.mx\/wp-content\/uploads\/2023\/09\/IMG-20230911-WA0027-300x225.jpg 300w, https:\/\/encuentroinformativo.com.mx\/wp-content\/uploads\/2023\/09\/IMG-20230911-WA0027-768x576.jpg 768w, https:\/\/encuentroinformativo.com.mx\/wp-content\/uploads\/2023\/09\/IMG-20230911-WA0027-1536x1152.jpg 1536w, https:\/\/encuentroinformativo.com.mx\/wp-content\/uploads\/2023\/09\/IMG-20230911-WA0027.jpg 1600w\" sizes=\"auto, (max-width: 1024px) 100vw, 1024px\" \/><\/figure>\n","protected":false},"excerpt":{"rendered":"<p>Dar\u00edo Pale Xalapa, Ver.- Desde las 6 de la ma\u00f1ana tomaron las instalaciones de la Secretar\u00eda de Educaci\u00f3n de Veracruz (SEV), docentes del nivel de educaci\u00f3n ind\u00edgena y que pertenecen al Sindicato Nacional de Trabajadores de la Educaci\u00f3n (SNTE), secci\u00f3n 32, piden la destituci\u00f3n del director del nivel de &#8220;Educaci\u00f3n Ind\u00edgena&#8221; Marcelo Tepole Ram\u00edrez, por [&hellip;]<\/p>\n","protected":false},"author":2476,"featured_media":45018,"comment_status":"open","ping_status":"open","sticky":false,"template":"","format":"standard","meta":{"_jetpack_memberships_contains_paid_content":false,"footnotes":""},"categories":[3],"tags":[],"class_list":["post-45017","post","type-post","status-publish","format-standard","has-post-thumbnail","hentry","category-xalapa"],"jetpack_featured_media_url":"https:\/\/encuentroinformativo.com.mx\/wp-content\/uploads\/2023\/09\/IMG-20230911-WA0032.jpg","jetpack_sharing_enabled":true,"jetpack_likes_enabled":true,"amp_enabled":true,"_links":{"self":[{"href":"https:\/\/encuentroinformativo.com.mx\/index.php?rest_route=\/wp\/v2\/posts\/45017","targetHints":{"allow":["GET"]}}],"collection":[{"href":"https:\/\/encuentroinformativo.com.mx\/index.php?rest_route=\/wp\/v2\/posts"}],"about":[{"href":"https:\/\/encuentroinformativo.com.mx\/index.php?rest_route=\/wp\/v2\/types\/post"}],"author":[{"embeddable":true,"href":"https:\/\/encuentroinformativo.com.mx\/index.php?rest_route=\/wp\/v2\/users\/2476"}],"replies":[{"embeddable":true,"href":"https:\/\/encuentroinformativo.com.mx\/index.php?rest_route=%2Fwp%2Fv2%2Fcomments&post=45017"}],"version-history":[{"count":1,"href":"https:\/\/encuentroinformativo.com.mx\/index.php?rest_route=\/wp\/v2\/posts\/45017\/revisions"}],"predecessor-version":[{"id":45020,"href":"https:\/\/encuentroinformativo.com.mx\/index.php?rest_route=\/wp\/v2\/posts\/45017\/revisions\/45020"}],"wp:featuredmedia":[{"embeddable":true,"href":"https:\/\/encuentroinformativo.com.mx\/index.php?rest_route=\/wp\/v2\/media\/45018"}],"wp:attachment":[{"href":"https:\/\/encuentroinformativo.com.mx\/index.php?rest_route=%2Fwp%2Fv2%2Fmedia&parent=45017"}],"wp:term":[{"taxonomy":"category","embeddable":true,"href":"https:\/\/encuentroinformativo.com.mx\/index.php?rest_route=%2Fwp%2Fv2%2Fcategories&post=45017"},{"taxonomy":"post_tag","embeddable":true,"href":"https:\/\/encuentroinformativo.com.mx\/index.php?rest_route=%2Fwp%2Fv2%2Ftags&post=45017"}],"curies":[{"name":"wp","href":"https:\/\/api.w.org\/{rel}","templated":true}]}}