{"id":45025,"date":"2023-09-11T11:21:33","date_gmt":"2023-09-11T17:21:33","guid":{"rendered":"https:\/\/encuentroinformativo.com.mx\/?p=45025"},"modified":"2023-09-11T11:21:37","modified_gmt":"2023-09-11T17:21:37","slug":"no-habra-dedazo-para-elegir-candidato-afirma-huerta","status":"publish","type":"post","link":"https:\/\/encuentroinformativo.com.mx\/?p=45025","title":{"rendered":"No habr\u00e1 dedazo para elegir candidato, afirma Huerta"},"content":{"rendered":"\n<p><strong>Dar\u00edo Pale <\/strong><\/p>\n\n\n\n<p>Xalapa, Ver.- No habr\u00e1 dedazo para elegir candidato de Morena a la gubernatura en Veracruz, Unidos Todos habr\u00edan cometido delito electoral al usar programas en evento, el s\u00e1bado as\u00ed lo se\u00f1al\u00f3 el delegado de los programas federales del Bienestar Manuel Huerta Ladr\u00f3n de Guevara.<\/p>\n\n\n\n<p>En conferencia de prensa coment\u00f3, &#8220;yo lo he dicho y lo sostengo, saliendo la convocatoria estoy listo para ir a solicitar mi ingreso a la encuesta. La \u00e9tica y la ley se tienen que cuidar en la actividad pol\u00edtica. No va a haber dedazo, de eso estoy convencido&#8221;.<\/p>\n\n\n\n<p>El funcionario asegur\u00f3 que Claudia Sheimbaum no gan\u00f3 por ser mujer, sino porque es una mujer preparada y tiene cualidades, adem\u00e1s de que cuenta con una larga trayectoria pol\u00edtica y como activista.<\/p>\n\n\n\n<p>Recalc\u00f3 que no habr\u00e1 forma de que alguien que no est\u00e9 cercano al pueblo pueda imponerse por m\u00e1s que &#8220;roc\u00eden&#8221; todas las paredes, &#8220;no van a poder&#8221;.<\/p>\n\n\n\n<p>Ladr\u00f3n de Guevara se\u00f1al\u00f3 que s\u00ed otros empiezan a sacar a los empleados de las dependencias y a hacer uso de los recursos p\u00fablicos, quedar\u00e1 en su conciencia, pero tambi\u00e9n ser\u00e1 algo que se deber\u00e1 revisar conforme a la Ley.<\/p>\n","protected":false},"excerpt":{"rendered":"<p>Dar\u00edo Pale Xalapa, Ver.- No habr\u00e1 dedazo para elegir candidato de Morena a la gubernatura en Veracruz, Unidos Todos habr\u00edan cometido delito electoral al usar programas en evento, el s\u00e1bado as\u00ed lo se\u00f1al\u00f3 el delegado de los programas federales del Bienestar Manuel Huerta Ladr\u00f3n de Guevara. En conferencia de prensa coment\u00f3, &#8220;yo lo he dicho [&hellip;]<\/p>\n","protected":false},"author":2476,"featured_media":45026,"comment_status":"open","ping_status":"open","sticky":false,"template":"","format":"standard","meta":{"_jetpack_memberships_contains_paid_content":false,"footnotes":""},"categories":[2],"tags":[],"class_list":["post-45025","post","type-post","status-publish","format-standard","has-post-thumbnail","hentry","category-estado"],"jetpack_featured_media_url":"https:\/\/encuentroinformativo.com.mx\/wp-content\/uploads\/2023\/09\/IMG-20230911-WA0042.jpg","jetpack_sharing_enabled":true,"jetpack_likes_enabled":true,"amp_enabled":true,"_links":{"self":[{"href":"https:\/\/encuentroinformativo.com.mx\/index.php?rest_route=\/wp\/v2\/posts\/45025","targetHints":{"allow":["GET"]}}],"collection":[{"href":"https:\/\/encuentroinformativo.com.mx\/index.php?rest_route=\/wp\/v2\/posts"}],"about":[{"href":"https:\/\/encuentroinformativo.com.mx\/index.php?rest_route=\/wp\/v2\/types\/post"}],"author":[{"embeddable":true,"href":"https:\/\/encuentroinformativo.com.mx\/index.php?rest_route=\/wp\/v2\/users\/2476"}],"replies":[{"embeddable":true,"href":"https:\/\/encuentroinformativo.com.mx\/index.php?rest_route=%2Fwp%2Fv2%2Fcomments&post=45025"}],"version-history":[{"count":1,"href":"https:\/\/encuentroinformativo.com.mx\/index.php?rest_route=\/wp\/v2\/posts\/45025\/revisions"}],"predecessor-version":[{"id":45027,"href":"https:\/\/encuentroinformativo.com.mx\/index.php?rest_route=\/wp\/v2\/posts\/45025\/revisions\/45027"}],"wp:featuredmedia":[{"embeddable":true,"href":"https:\/\/encuentroinformativo.com.mx\/index.php?rest_route=\/wp\/v2\/media\/45026"}],"wp:attachment":[{"href":"https:\/\/encuentroinformativo.com.mx\/index.php?rest_route=%2Fwp%2Fv2%2Fmedia&parent=45025"}],"wp:term":[{"taxonomy":"category","embeddable":true,"href":"https:\/\/encuentroinformativo.com.mx\/index.php?rest_route=%2Fwp%2Fv2%2Fcategories&post=45025"},{"taxonomy":"post_tag","embeddable":true,"href":"https:\/\/encuentroinformativo.com.mx\/index.php?rest_route=%2Fwp%2Fv2%2Ftags&post=45025"}],"curies":[{"name":"wp","href":"https:\/\/api.w.org\/{rel}","templated":true}]}}