{"id":45034,"date":"2023-09-11T10:01:41","date_gmt":"2023-09-11T16:01:41","guid":{"rendered":"https:\/\/encuentroinformativo.com.mx\/?p=45034"},"modified":"2023-09-11T14:02:44","modified_gmt":"2023-09-11T20:02:44","slug":"impulsa-ayuntamiento-porteno-construccion-de-colectores-pluviales","status":"publish","type":"post","link":"https:\/\/encuentroinformativo.com.mx\/?p=45034","title":{"rendered":"Impulsa ayuntamiento porte\u00f1o construcci\u00f3n de colectores pluviales"},"content":{"rendered":"\n<p><strong>Alejandro \u00c1vila<\/strong><\/p>\n\n\n\n<p>Veracruz, Ver.- La alcaldesa, Patricia Lobeira Rodr\u00edguez, confirm\u00f3 que en el \u00faltimo cuatrimestre del 2023 realizar\u00e1n tres obras de colectores pluviales en la ciudad.<\/p>\n\n\n\n<p>El primero iniciar\u00e1 en este mes de septiembre en la avenida Lafragua y la obra durar\u00e1 alrededor de dos meses, posteriormente har\u00e1n uno en la calle Valencia y, finalmente, uno m\u00e1s en la avenida Alcocer.<\/p>\n\n\n\n<p>&#8220;Son tres colectores este a\u00f1o que vamos a estar haciendo, m\u00e1s aparte las calles, que como ustedes saben ya terminamos prolongaci\u00f3n R\u00edo Medio, pero seguimos, vamos a estar ya pronto inaugurando la calle Las Palmas en El Coyol y Texolo en la zona norte, y pronto vamos a iniciar obras como Cerro Pizarro, la calle Vespucio, calle Y\u00e1\u00f1ez como ya les hab\u00eda yo comentado tambi\u00e9n, entonces tenemos un gran plan de obras este a\u00f1o que se van a terminar todas alrededor del mes de diciembre, vamos a estar cerrando. Tambi\u00e9n vamos a estar haciendo nueve parques, nueve unidades deportivas, m\u00e1s aparte parques. Entonces, es un plan integral, se contemplan calles pero tambi\u00e9n se contempla todo el tema y de infraestructura que necesita la ciudad para evitar inundaciones&#8221;, puntualiz\u00f3.<\/p>\n\n\n\n<p>En otro tema, mencion\u00f3 que el desfile conmemorativo por la Independencia de M\u00e9xico el d\u00eda 16 de septiembre, no se realizar\u00e1 y, dependiendo del clima, analizar\u00e1n, si no hay lluvia, llevar a cabo un izado de bandera en la Plaza de la Soberan\u00eda en el bulevar &#8220;Manuel \u00c1vila Camacho&#8221;.<\/p>\n","protected":false},"excerpt":{"rendered":"<p>Alejandro \u00c1vila Veracruz, Ver.- La alcaldesa, Patricia Lobeira Rodr\u00edguez, confirm\u00f3 que en el \u00faltimo cuatrimestre del 2023 realizar\u00e1n tres obras de colectores pluviales en la ciudad. El primero iniciar\u00e1 en este mes de septiembre en la avenida Lafragua y la obra durar\u00e1 alrededor de dos meses, posteriormente har\u00e1n uno en la calle Valencia y, finalmente, [&hellip;]<\/p>\n","protected":false},"author":2476,"featured_media":45035,"comment_status":"open","ping_status":"open","sticky":false,"template":"","format":"standard","meta":{"_jetpack_memberships_contains_paid_content":false,"footnotes":""},"categories":[2],"tags":[],"class_list":["post-45034","post","type-post","status-publish","format-standard","has-post-thumbnail","hentry","category-estado"],"jetpack_featured_media_url":"https:\/\/encuentroinformativo.com.mx\/wp-content\/uploads\/2023\/09\/IMG-20230911-WA0061.jpg","jetpack_sharing_enabled":true,"jetpack_likes_enabled":true,"amp_enabled":true,"_links":{"self":[{"href":"https:\/\/encuentroinformativo.com.mx\/index.php?rest_route=\/wp\/v2\/posts\/45034","targetHints":{"allow":["GET"]}}],"collection":[{"href":"https:\/\/encuentroinformativo.com.mx\/index.php?rest_route=\/wp\/v2\/posts"}],"about":[{"href":"https:\/\/encuentroinformativo.com.mx\/index.php?rest_route=\/wp\/v2\/types\/post"}],"author":[{"embeddable":true,"href":"https:\/\/encuentroinformativo.com.mx\/index.php?rest_route=\/wp\/v2\/users\/2476"}],"replies":[{"embeddable":true,"href":"https:\/\/encuentroinformativo.com.mx\/index.php?rest_route=%2Fwp%2Fv2%2Fcomments&post=45034"}],"version-history":[{"count":1,"href":"https:\/\/encuentroinformativo.com.mx\/index.php?rest_route=\/wp\/v2\/posts\/45034\/revisions"}],"predecessor-version":[{"id":45036,"href":"https:\/\/encuentroinformativo.com.mx\/index.php?rest_route=\/wp\/v2\/posts\/45034\/revisions\/45036"}],"wp:featuredmedia":[{"embeddable":true,"href":"https:\/\/encuentroinformativo.com.mx\/index.php?rest_route=\/wp\/v2\/media\/45035"}],"wp:attachment":[{"href":"https:\/\/encuentroinformativo.com.mx\/index.php?rest_route=%2Fwp%2Fv2%2Fmedia&parent=45034"}],"wp:term":[{"taxonomy":"category","embeddable":true,"href":"https:\/\/encuentroinformativo.com.mx\/index.php?rest_route=%2Fwp%2Fv2%2Fcategories&post=45034"},{"taxonomy":"post_tag","embeddable":true,"href":"https:\/\/encuentroinformativo.com.mx\/index.php?rest_route=%2Fwp%2Fv2%2Ftags&post=45034"}],"curies":[{"name":"wp","href":"https:\/\/api.w.org\/{rel}","templated":true}]}}