{"id":45037,"date":"2023-09-11T14:04:41","date_gmt":"2023-09-11T20:04:41","guid":{"rendered":"https:\/\/encuentroinformativo.com.mx\/?p=45037"},"modified":"2023-09-11T14:04:44","modified_gmt":"2023-09-11T20:04:44","slug":"gobierno-federal-reducira-55-por-ciento-del-presupuesto-de-sector-salud-acusa-diputado","status":"publish","type":"post","link":"https:\/\/encuentroinformativo.com.mx\/?p=45037","title":{"rendered":"Gobierno Federal reducir\u00e1 55 por ciento del presupuesto de sector salud, acusa Diputado"},"content":{"rendered":"\n<p><strong>Alejandro \u00c1vila<\/strong><\/p>\n\n\n\n<p>Veracruz, Ver.- El diputado federal, Carlos Valenzuela Gonz\u00e1lez, acus\u00f3 que el Gobierno Federal pretende reducir 55 por ciento del presupuesto del sector salud, para aumentar presupuesto a la Secretar\u00eda del Bienestar.<\/p>\n\n\n\n<p>&#8220;Hay un aumento de m\u00e1s de 700 mil millones de pesos para programas sociales, precisamente en el a\u00f1o electoral, lo cual se nos hace una irresponsabilidad que el gobierno de Morena prefiera los votos que la salud de los mexicanos&#8221;, acus\u00f3.<\/p>\n\n\n\n<p>El diputado panista record\u00f3 que, el pasado viernes 8 de septiembre, los diputados federales recibieron por parte del secretario de Hacienda y Cr\u00e9dito P\u00fablico, el paquete presupuestal del 2024, mismo que se discutir\u00e1 en el pr\u00f3ximo periodo legislativo que inicia en el mes de noviembre.<\/p>\n\n\n\n<p>&#8220;Es un presupuesto irresponsable por la reducci\u00f3n que hay en el sector salud, es un presupuesto irresponsable porque en \u00e1reas tan importante como lo es la educaci\u00f3n hay un aumento m\u00ednimo, que ni siquiera est\u00e1 acorde con la inflaci\u00f3n, y es un presupuesto netamente electorero, pensando m\u00e1s en los votos, que en la salud y en la educaci\u00f3n de los mexicanos&#8221;, asest\u00f3.<\/p>\n","protected":false},"excerpt":{"rendered":"<p>Alejandro \u00c1vila Veracruz, Ver.- El diputado federal, Carlos Valenzuela Gonz\u00e1lez, acus\u00f3 que el Gobierno Federal pretende reducir 55 por ciento del presupuesto del sector salud, para aumentar presupuesto a la Secretar\u00eda del Bienestar. &#8220;Hay un aumento de m\u00e1s de 700 mil millones de pesos para programas sociales, precisamente en el a\u00f1o electoral, lo cual se [&hellip;]<\/p>\n","protected":false},"author":2476,"featured_media":45038,"comment_status":"open","ping_status":"open","sticky":false,"template":"","format":"standard","meta":{"_jetpack_memberships_contains_paid_content":false,"footnotes":""},"categories":[12],"tags":[],"class_list":["post-45037","post","type-post","status-publish","format-standard","has-post-thumbnail","hentry","category-nacional"],"jetpack_featured_media_url":"https:\/\/encuentroinformativo.com.mx\/wp-content\/uploads\/2023\/09\/IMG-20230911-WA0067.jpg","jetpack_sharing_enabled":true,"jetpack_likes_enabled":true,"amp_enabled":true,"_links":{"self":[{"href":"https:\/\/encuentroinformativo.com.mx\/index.php?rest_route=\/wp\/v2\/posts\/45037","targetHints":{"allow":["GET"]}}],"collection":[{"href":"https:\/\/encuentroinformativo.com.mx\/index.php?rest_route=\/wp\/v2\/posts"}],"about":[{"href":"https:\/\/encuentroinformativo.com.mx\/index.php?rest_route=\/wp\/v2\/types\/post"}],"author":[{"embeddable":true,"href":"https:\/\/encuentroinformativo.com.mx\/index.php?rest_route=\/wp\/v2\/users\/2476"}],"replies":[{"embeddable":true,"href":"https:\/\/encuentroinformativo.com.mx\/index.php?rest_route=%2Fwp%2Fv2%2Fcomments&post=45037"}],"version-history":[{"count":1,"href":"https:\/\/encuentroinformativo.com.mx\/index.php?rest_route=\/wp\/v2\/posts\/45037\/revisions"}],"predecessor-version":[{"id":45039,"href":"https:\/\/encuentroinformativo.com.mx\/index.php?rest_route=\/wp\/v2\/posts\/45037\/revisions\/45039"}],"wp:featuredmedia":[{"embeddable":true,"href":"https:\/\/encuentroinformativo.com.mx\/index.php?rest_route=\/wp\/v2\/media\/45038"}],"wp:attachment":[{"href":"https:\/\/encuentroinformativo.com.mx\/index.php?rest_route=%2Fwp%2Fv2%2Fmedia&parent=45037"}],"wp:term":[{"taxonomy":"category","embeddable":true,"href":"https:\/\/encuentroinformativo.com.mx\/index.php?rest_route=%2Fwp%2Fv2%2Fcategories&post=45037"},{"taxonomy":"post_tag","embeddable":true,"href":"https:\/\/encuentroinformativo.com.mx\/index.php?rest_route=%2Fwp%2Fv2%2Ftags&post=45037"}],"curies":[{"name":"wp","href":"https:\/\/api.w.org\/{rel}","templated":true}]}}