{"id":4504,"date":"2020-07-29T14:03:43","date_gmt":"2020-07-29T19:03:43","guid":{"rendered":"https:\/\/encuentroinformativo.com\/?p=4504"},"modified":"2020-07-29T14:03:46","modified_gmt":"2020-07-29T19:03:46","slug":"necesario-contratar-personal-provisional-para-parques-y-jardines-regidora","status":"publish","type":"post","link":"https:\/\/encuentroinformativo.com.mx\/?p=4504","title":{"rendered":"Necesario contratar personal provisional para parques y jardines: Regidora"},"content":{"rendered":"\n<p><strong>Dar\u00edo Pale <\/strong><\/p>\n\n\n\n<p>Xalapa, Ver.- Debido a que con el personal con el que cuenta actualmente Parques y Jardines es insuficiente la regidora Erika Yerania D\u00edaz Chavar, titular de dicha comisi\u00f3n solicit\u00f3 a las autoridades municipales presupuesto para la contrataci\u00f3n de personal \u00a0eventual para apoyo de dicho departamento.<\/p>\n\n\n\n<p>En entrevista dio a conocer que ya ha hecho la solicitud en el cabildo, medios de comunicaci\u00f3n y ha hablado personalmente con el alcalde, incluso a trav\u00e9s de oficio a las distintas \u00e1reas, sin embargo no ha recibido respuesta.<\/p>\n\n\n\n<p>Refiri\u00f3 que adem\u00e1s de ser una necesidad por la imagen urbana, puede significar un riesgo para la salud de la poblaci\u00f3n.<\/p>\n\n\n\n<p>\u201cHe estado insistiendo mucho desde meses atr\u00e1s para que se les de atenci\u00f3n a las \u00e1reas verdes a los camellones, parques y jardines porque s\u00e9 que es una cuesti\u00f3n de imagen urbana, pero en este momento es con la finalidad de cuidar nuestra salud\u201d, se\u00f1al\u00f3.<\/p>\n\n\n\n<p>Cabe mencionar que vecinos de colonias aleda\u00f1as a la periferia de la ciudad se han quejado ante el abandono de las \u00a0\u00e1reas verdes las cuales pueden ser un foco de infecci\u00f3n.<\/p>\n\n\n\n<p>\u201cHemos agotado todas las instancias y hasta ahora no vemos que tenga buen resultado y entonces es preocupante porque hay \u00e1reas que requieren atenci\u00f3n, la ciudadan\u00eda nos ha solicitado a nuestra comisi\u00f3n que se les de atenci\u00f3n a las \u00e1reas verdes, a los parques, ah\u00ed mucha yerba crecida y ellos est\u00e1n preocupados\u201d, a\u00f1adi\u00f3.<\/p>\n\n\n\n<p>Se\u00f1al\u00f3 que a la regidora Guillermina de la comisi\u00f3n de limpia p\u00fablica le dieron veh\u00edculos nuevos, sin embargo a el \u00e1rea de parques y jardines est\u00e1 en total abandono y no le quieren dar presupuesto para trabajadores eventuales ya que no se dan abasto para darle mantenimiento a todas las \u00e1reas verdes.<\/p>\n\n\n\n<p>Para finalizar dijo qu\u00e9 es preocupante porque adem\u00e1s de la pandemia por Covid-19 se puede aumentar el riesgo de dengue ya que existen 60 casos sospechosos .<\/p>\n\n\n\n<p><\/p>\n","protected":false},"excerpt":{"rendered":"<p>Dar\u00edo Pale Xalapa, Ver.- Debido a que con el personal con el que cuenta actualmente Parques y Jardines es insuficiente la regidora Erika Yerania D\u00edaz Chavar, titular de dicha comisi\u00f3n solicit\u00f3 a las autoridades municipales presupuesto para la contrataci\u00f3n de personal \u00a0eventual para apoyo de dicho departamento. En entrevista dio a conocer que ya ha [&hellip;]<\/p>\n","protected":false},"author":1,"featured_media":4505,"comment_status":"open","ping_status":"open","sticky":false,"template":"","format":"standard","meta":{"_jetpack_memberships_contains_paid_content":false,"footnotes":""},"categories":[3],"tags":[],"class_list":["post-4504","post","type-post","status-publish","format-standard","has-post-thumbnail","hentry","category-xalapa"],"jetpack_featured_media_url":"https:\/\/encuentroinformativo.com.mx\/wp-content\/uploads\/2020\/07\/5F166A42-8D45-4A5C-8D7A-5B5C8978BC1E.jpeg","jetpack_sharing_enabled":true,"jetpack_likes_enabled":true,"amp_enabled":true,"_links":{"self":[{"href":"https:\/\/encuentroinformativo.com.mx\/index.php?rest_route=\/wp\/v2\/posts\/4504","targetHints":{"allow":["GET"]}}],"collection":[{"href":"https:\/\/encuentroinformativo.com.mx\/index.php?rest_route=\/wp\/v2\/posts"}],"about":[{"href":"https:\/\/encuentroinformativo.com.mx\/index.php?rest_route=\/wp\/v2\/types\/post"}],"author":[{"embeddable":true,"href":"https:\/\/encuentroinformativo.com.mx\/index.php?rest_route=\/wp\/v2\/users\/1"}],"replies":[{"embeddable":true,"href":"https:\/\/encuentroinformativo.com.mx\/index.php?rest_route=%2Fwp%2Fv2%2Fcomments&post=4504"}],"version-history":[{"count":1,"href":"https:\/\/encuentroinformativo.com.mx\/index.php?rest_route=\/wp\/v2\/posts\/4504\/revisions"}],"predecessor-version":[{"id":4506,"href":"https:\/\/encuentroinformativo.com.mx\/index.php?rest_route=\/wp\/v2\/posts\/4504\/revisions\/4506"}],"wp:featuredmedia":[{"embeddable":true,"href":"https:\/\/encuentroinformativo.com.mx\/index.php?rest_route=\/wp\/v2\/media\/4505"}],"wp:attachment":[{"href":"https:\/\/encuentroinformativo.com.mx\/index.php?rest_route=%2Fwp%2Fv2%2Fmedia&parent=4504"}],"wp:term":[{"taxonomy":"category","embeddable":true,"href":"https:\/\/encuentroinformativo.com.mx\/index.php?rest_route=%2Fwp%2Fv2%2Fcategories&post=4504"},{"taxonomy":"post_tag","embeddable":true,"href":"https:\/\/encuentroinformativo.com.mx\/index.php?rest_route=%2Fwp%2Fv2%2Ftags&post=4504"}],"curies":[{"name":"wp","href":"https:\/\/api.w.org\/{rel}","templated":true}]}}