{"id":45040,"date":"2023-09-11T14:07:42","date_gmt":"2023-09-11T20:07:42","guid":{"rendered":"https:\/\/encuentroinformativo.com.mx\/?p=45040"},"modified":"2023-09-11T14:07:45","modified_gmt":"2023-09-11T20:07:45","slug":"mexico-esta-preparado-para-que-una-mujer-gobierne-el-pais-anilu-ingram","status":"publish","type":"post","link":"https:\/\/encuentroinformativo.com.mx\/?p=45040","title":{"rendered":"M\u00e9xico est\u00e1 preparado para que una mujer gobierne el pa\u00eds: Anil\u00fa Ingram"},"content":{"rendered":"\n<p><strong>Alejandro \u00c1vila<\/strong><\/p>\n\n\n\n<p>Veracruz, Ver.- Las brechas pol\u00edticas en paridad de g\u00e9nero se han acortado y, aunque no es suficiente y a\u00fan hay mucho por hacer, M\u00e9xico ya est\u00e1 preparado para que una mujer gobierne el pa\u00eds, asegur\u00f3 la diputada local, Anil\u00fa Ingram Vallines.<\/p>\n\n\n\n<p>Durante su participaci\u00f3n en el \u201cEncuentro Nacional por el M\u00e9xico que queremos las mujeres\u201d, realizado el pasado fin de semana La Casona de Xicot\u00e9ncatl, antigua sede del Senado de la Rep\u00fablica, la veracruzana asegur\u00f3 que las mujeres est\u00e1n listas para ejercer el poder y la responsabilidad que conlleva.<\/p>\n\n\n\n<p>&#8220;Las mujeres debemos asumir el poder que ahora ejercemos y la responsabilidad que conlleva; pero quiero que hagamos un an\u00e1lisis: veamos lo que hemos vivido por d\u00e9cadas las mujeres cuando entramos en la vida p\u00fablica al poder votar y ser votadas. Antes, por el simple hecho de ser mujeres, nos eran arrebatados puestos de poder, por lo que se tuvo que legislar en t\u00e9rminos de paridad para lograr romper el techo de cristal, que en muchos casos era de acero\u201d, detall\u00f3.<\/p>\n\n\n\n<p>Adem\u00e1s, la legisladora veracruzana cuestion\u00f3 la verdadera cercan\u00eda de M\u00e9xico a una agenda de igualdad de g\u00e9nero, a pesar de los avances significativos que se han logrado y se\u00f1al\u00f3 que, por primera vez en la historia nacional, en 2024 tendremos una mujer presidente y que, en su estado natal, Veracruz, tambi\u00e9n debe haber una gobernadora, por lo que a\u00fan queda trabajo por hacer en la b\u00fasqueda de una verdadera igualdad de g\u00e9nero.<\/p>\n\n\n\n<p>Finalmente, la legisladora veracruzana hizo un llamado a reflexionar sobre las d\u00e9cadas de lucha que han enfrentado las mujeres al ingresar en la vida p\u00fablica, donde hist\u00f3ricamente se les arrebataban puestos de poder simplemente por ser mujeres.&nbsp;<\/p>\n","protected":false},"excerpt":{"rendered":"<p>Alejandro \u00c1vila Veracruz, Ver.- Las brechas pol\u00edticas en paridad de g\u00e9nero se han acortado y, aunque no es suficiente y a\u00fan hay mucho por hacer, M\u00e9xico ya est\u00e1 preparado para que una mujer gobierne el pa\u00eds, asegur\u00f3 la diputada local, Anil\u00fa Ingram Vallines. Durante su participaci\u00f3n en el \u201cEncuentro Nacional por el M\u00e9xico que queremos [&hellip;]<\/p>\n","protected":false},"author":2476,"featured_media":45041,"comment_status":"open","ping_status":"open","sticky":false,"template":"","format":"standard","meta":{"_jetpack_memberships_contains_paid_content":false,"footnotes":""},"categories":[2],"tags":[],"class_list":["post-45040","post","type-post","status-publish","format-standard","has-post-thumbnail","hentry","category-estado"],"jetpack_featured_media_url":"https:\/\/encuentroinformativo.com.mx\/wp-content\/uploads\/2023\/09\/IMG-20230911-WA0071.jpg","jetpack_sharing_enabled":true,"jetpack_likes_enabled":true,"amp_enabled":true,"_links":{"self":[{"href":"https:\/\/encuentroinformativo.com.mx\/index.php?rest_route=\/wp\/v2\/posts\/45040","targetHints":{"allow":["GET"]}}],"collection":[{"href":"https:\/\/encuentroinformativo.com.mx\/index.php?rest_route=\/wp\/v2\/posts"}],"about":[{"href":"https:\/\/encuentroinformativo.com.mx\/index.php?rest_route=\/wp\/v2\/types\/post"}],"author":[{"embeddable":true,"href":"https:\/\/encuentroinformativo.com.mx\/index.php?rest_route=\/wp\/v2\/users\/2476"}],"replies":[{"embeddable":true,"href":"https:\/\/encuentroinformativo.com.mx\/index.php?rest_route=%2Fwp%2Fv2%2Fcomments&post=45040"}],"version-history":[{"count":1,"href":"https:\/\/encuentroinformativo.com.mx\/index.php?rest_route=\/wp\/v2\/posts\/45040\/revisions"}],"predecessor-version":[{"id":45042,"href":"https:\/\/encuentroinformativo.com.mx\/index.php?rest_route=\/wp\/v2\/posts\/45040\/revisions\/45042"}],"wp:featuredmedia":[{"embeddable":true,"href":"https:\/\/encuentroinformativo.com.mx\/index.php?rest_route=\/wp\/v2\/media\/45041"}],"wp:attachment":[{"href":"https:\/\/encuentroinformativo.com.mx\/index.php?rest_route=%2Fwp%2Fv2%2Fmedia&parent=45040"}],"wp:term":[{"taxonomy":"category","embeddable":true,"href":"https:\/\/encuentroinformativo.com.mx\/index.php?rest_route=%2Fwp%2Fv2%2Fcategories&post=45040"},{"taxonomy":"post_tag","embeddable":true,"href":"https:\/\/encuentroinformativo.com.mx\/index.php?rest_route=%2Fwp%2Fv2%2Ftags&post=45040"}],"curies":[{"name":"wp","href":"https:\/\/api.w.org\/{rel}","templated":true}]}}