{"id":45043,"date":"2023-09-11T14:10:28","date_gmt":"2023-09-11T20:10:28","guid":{"rendered":"https:\/\/encuentroinformativo.com.mx\/?p=45043"},"modified":"2023-09-11T14:10:31","modified_gmt":"2023-09-11T20:10:31","slug":"por-presencia-de-cocodrilos-colocan-senaletica-en-lagunas-de-veracruz","status":"publish","type":"post","link":"https:\/\/encuentroinformativo.com.mx\/?p=45043","title":{"rendered":"Por presencia de cocodrilos, colocan se\u00f1al\u00e9tica en lagunas de Veracruz"},"content":{"rendered":"\n<p><strong>Alejandro \u00c1vila<\/strong><\/p>\n\n\n\n<p>Veracruz, Ver.- El director de Medio Ambiente del municipio de Veracruz, Ricardo Colorado Alfonso, confirm\u00f3 que el pasado fin de semana colocaron se\u00f1al\u00e9tica en la laguna Malibr\u00e1n y, pr\u00f3ximamente lo har\u00e1n en la laguna de Lagartos, para que la gente tenga conocimiento de la presencia de un cocodrilo y una boa, respectivamente.<\/p>\n\n\n\n<p>El funcionario municipal reconoci\u00f3 que a lo largo del a\u00f1o se ha reportado el avistamiento de diversas boas, sobre todo durante la limpieza de escuelas; sin embargo, dijo que estas son inofensivas y pidi\u00f3 a la ciudadan\u00eda no matarlas, sino dar aviso a las autoridades correspondientes.<\/p>\n\n\n\n<p>&#8220;En los temas donde hay lagunas, donde est\u00e1n limpiando salen, pero cualquier cosa nos pueden llamar, nosotros apoyamos, no las maten, no son peligrosas, no son venenosas, mejor que nos llamen a la direcci\u00f3n de medio ambiente y nosotros mandamos a los inspectores por ellas para reubicarlas en un lugar seguro&#8221;, apunt\u00f3.<\/p>\n\n\n\n<p>Ricardo Colorado mencion\u00f3 que hace unos d\u00edas recibieron un oficio de la Secretar\u00eda de Medio Ambiente, la cual les informaba que en pr\u00f3ximas semanas colocar\u00edan se\u00f1al\u00e9tica en todos los cuerpos de agua del Sistema Lagunar Interdunario, puesto que son \u00c1reas Naturales Protegidas.<\/p>\n\n\n\n<p>&#8220;Nos mandaron un oficio en que si no tenemos inconveniente de que pongan se\u00f1al\u00e9tica, ah\u00ed vamos a estar al pendiente para todas las lagunas de Veracruz (\u2026) en si, la se\u00f1al\u00e9tica que van a poner es porque las lagunas son \u00c1reas Naturales Protegidas, est\u00e1 prohibido rellenar, est\u00e1 prohibido construir, est\u00e1 prohibido hacer impactos negativos hacia la laguna. Entonces, como tal hay que protegerlas, va a ser de protecci\u00f3n a la misma, que quede prohibido rellenar, tirar basura, etc\u00e9tera&#8221;, recalc\u00f3.<\/p>\n\n\n\n<p>Finalmente, sobre la reciente manifestaci\u00f3n al borde de la Laguna del Encanto en en la zona del Coyol, dijo que est\u00e1 expon\u00eda el tema de inseguridad y, aunque esa \u00e1rea no le corresponde, asegur\u00f3 que volver\u00e1n a enviar una brigada para limpiar los alrededores por la maleza que probablemente haya crecido por las lluvias.<\/p>\n\n\n\n<figure class=\"wp-block-image size-large\"><img loading=\"lazy\" decoding=\"async\" width=\"1024\" height=\"682\" src=\"https:\/\/encuentroinformativo.com.mx\/wp-content\/uploads\/2023\/09\/IMG-20230911-WA0060-1024x682.jpg\" alt=\"\" class=\"wp-image-45045\" srcset=\"https:\/\/encuentroinformativo.com.mx\/wp-content\/uploads\/2023\/09\/IMG-20230911-WA0060-1024x682.jpg 1024w, https:\/\/encuentroinformativo.com.mx\/wp-content\/uploads\/2023\/09\/IMG-20230911-WA0060-300x200.jpg 300w, https:\/\/encuentroinformativo.com.mx\/wp-content\/uploads\/2023\/09\/IMG-20230911-WA0060-768x512.jpg 768w, https:\/\/encuentroinformativo.com.mx\/wp-content\/uploads\/2023\/09\/IMG-20230911-WA0060.jpg 1081w\" sizes=\"auto, (max-width: 1024px) 100vw, 1024px\" \/><\/figure>\n","protected":false},"excerpt":{"rendered":"<p>Alejandro \u00c1vila Veracruz, Ver.- El director de Medio Ambiente del municipio de Veracruz, Ricardo Colorado Alfonso, confirm\u00f3 que el pasado fin de semana colocaron se\u00f1al\u00e9tica en la laguna Malibr\u00e1n y, pr\u00f3ximamente lo har\u00e1n en la laguna de Lagartos, para que la gente tenga conocimiento de la presencia de un cocodrilo y una boa, respectivamente. El [&hellip;]<\/p>\n","protected":false},"author":2476,"featured_media":45044,"comment_status":"open","ping_status":"open","sticky":false,"template":"","format":"standard","meta":{"_jetpack_memberships_contains_paid_content":false,"footnotes":""},"categories":[2],"tags":[],"class_list":["post-45043","post","type-post","status-publish","format-standard","has-post-thumbnail","hentry","category-estado"],"jetpack_featured_media_url":"https:\/\/encuentroinformativo.com.mx\/wp-content\/uploads\/2023\/09\/IMG-20230911-WA0058.jpg","jetpack_sharing_enabled":true,"jetpack_likes_enabled":true,"amp_enabled":true,"_links":{"self":[{"href":"https:\/\/encuentroinformativo.com.mx\/index.php?rest_route=\/wp\/v2\/posts\/45043","targetHints":{"allow":["GET"]}}],"collection":[{"href":"https:\/\/encuentroinformativo.com.mx\/index.php?rest_route=\/wp\/v2\/posts"}],"about":[{"href":"https:\/\/encuentroinformativo.com.mx\/index.php?rest_route=\/wp\/v2\/types\/post"}],"author":[{"embeddable":true,"href":"https:\/\/encuentroinformativo.com.mx\/index.php?rest_route=\/wp\/v2\/users\/2476"}],"replies":[{"embeddable":true,"href":"https:\/\/encuentroinformativo.com.mx\/index.php?rest_route=%2Fwp%2Fv2%2Fcomments&post=45043"}],"version-history":[{"count":1,"href":"https:\/\/encuentroinformativo.com.mx\/index.php?rest_route=\/wp\/v2\/posts\/45043\/revisions"}],"predecessor-version":[{"id":45046,"href":"https:\/\/encuentroinformativo.com.mx\/index.php?rest_route=\/wp\/v2\/posts\/45043\/revisions\/45046"}],"wp:featuredmedia":[{"embeddable":true,"href":"https:\/\/encuentroinformativo.com.mx\/index.php?rest_route=\/wp\/v2\/media\/45044"}],"wp:attachment":[{"href":"https:\/\/encuentroinformativo.com.mx\/index.php?rest_route=%2Fwp%2Fv2%2Fmedia&parent=45043"}],"wp:term":[{"taxonomy":"category","embeddable":true,"href":"https:\/\/encuentroinformativo.com.mx\/index.php?rest_route=%2Fwp%2Fv2%2Fcategories&post=45043"},{"taxonomy":"post_tag","embeddable":true,"href":"https:\/\/encuentroinformativo.com.mx\/index.php?rest_route=%2Fwp%2Fv2%2Ftags&post=45043"}],"curies":[{"name":"wp","href":"https:\/\/api.w.org\/{rel}","templated":true}]}}