{"id":45053,"date":"2023-09-11T14:26:33","date_gmt":"2023-09-11T20:26:33","guid":{"rendered":"https:\/\/encuentroinformativo.com.mx\/?p=45053"},"modified":"2023-09-11T14:26:36","modified_gmt":"2023-09-11T20:26:36","slug":"reclaman-padres-escuela-para-estudiantes-en-ixtaczoquitlan","status":"publish","type":"post","link":"https:\/\/encuentroinformativo.com.mx\/?p=45053","title":{"rendered":"Reclaman padres escuela para estudiantes en Ixtaczoquitl\u00e1n"},"content":{"rendered":"\n<p><strong>Juan Arcos<\/strong><\/p>\n\n\n\n<p>Xalapa, Ver.- Madres y padres de familia protestaron en el Palacio Municipal de Ixtaczoquitl\u00e1n, en la zona centro del estado de Veracruz, para exigir un espacio donde los alumnos de la escuela primaria \u201cBenito Ju\u00e1rez Garc\u00eda\u201d puedan tomar sus clases.<\/p>\n\n\n\n<p>Su plantel est\u00e1 en reparaci\u00f3n y carecen de aulas para continuar sus estudios. El ayuntamiento se comprometi\u00f3 a enviar al personal de Protecci\u00f3n Civil para evaluar las condiciones del jard\u00edn de ni\u00f1os \u201cLuisa Ben\u00edtez\u201d, mismo que est\u00e1 desocupado y podr\u00eda ser utilizado temporalmente para albergar a los alumnos de la primaria mencionada.<\/p>\n\n\n\n<p>De acuerdo con Maricela Gonz\u00e1lez, una de los inconformes, en julio pasado se solicit\u00f3 un dictamen de PC municipal pero el peritaje fue negativo para utilizar el inmueble del preescolar.<\/p>\n\n\n\n<p>Los 400 alumnos no han podido tener sus clases completas y eso les genera un atraso en su desarrollo acad\u00e9mico.<\/p>\n\n\n\n<p>Las principales \u201ctrabas\u201d han sido por parte del alcalde de Ixtaczoquitl\u00e1n, Nahum \u00c1lvarez Pellico, a pesar de que la escuela primaria \u201cBenito Ju\u00e1rez Garc\u00eda\u201d es la m\u00e1s grande de la localidad y se ubica en la contra esquina del Palacio Municipal.<\/p>\n\n\n\n<p>\u201cEl detalle es que el alcalde no nos lo libera (el inmueble), sentimos que es una negativa ya de parte de \u00e9l y no nos quiere liberar el espacio y consideramos que el dictamen se hizo de manera err\u00f3nea\u201d.<\/p>\n\n\n\n<p>Las personas amagaron con seguir manifest\u00e1ndose hasta que sean atendidas sus demandas por parte del Presidente Municipal de Ixtaczoquitl\u00e1n.<\/p>\n","protected":false},"excerpt":{"rendered":"<p>Juan Arcos Xalapa, Ver.- Madres y padres de familia protestaron en el Palacio Municipal de Ixtaczoquitl\u00e1n, en la zona centro del estado de Veracruz, para exigir un espacio donde los alumnos de la escuela primaria \u201cBenito Ju\u00e1rez Garc\u00eda\u201d puedan tomar sus clases. Su plantel est\u00e1 en reparaci\u00f3n y carecen de aulas para continuar sus estudios. [&hellip;]<\/p>\n","protected":false},"author":2476,"featured_media":45054,"comment_status":"open","ping_status":"open","sticky":false,"template":"","format":"standard","meta":{"_jetpack_memberships_contains_paid_content":false,"footnotes":""},"categories":[2],"tags":[],"class_list":["post-45053","post","type-post","status-publish","format-standard","has-post-thumbnail","hentry","category-estado"],"jetpack_featured_media_url":"https:\/\/encuentroinformativo.com.mx\/wp-content\/uploads\/2023\/09\/bb87e106-2bef-4a6c-a63c-c4b99b41bf5c.jpg","jetpack_sharing_enabled":true,"jetpack_likes_enabled":true,"amp_enabled":true,"_links":{"self":[{"href":"https:\/\/encuentroinformativo.com.mx\/index.php?rest_route=\/wp\/v2\/posts\/45053","targetHints":{"allow":["GET"]}}],"collection":[{"href":"https:\/\/encuentroinformativo.com.mx\/index.php?rest_route=\/wp\/v2\/posts"}],"about":[{"href":"https:\/\/encuentroinformativo.com.mx\/index.php?rest_route=\/wp\/v2\/types\/post"}],"author":[{"embeddable":true,"href":"https:\/\/encuentroinformativo.com.mx\/index.php?rest_route=\/wp\/v2\/users\/2476"}],"replies":[{"embeddable":true,"href":"https:\/\/encuentroinformativo.com.mx\/index.php?rest_route=%2Fwp%2Fv2%2Fcomments&post=45053"}],"version-history":[{"count":1,"href":"https:\/\/encuentroinformativo.com.mx\/index.php?rest_route=\/wp\/v2\/posts\/45053\/revisions"}],"predecessor-version":[{"id":45055,"href":"https:\/\/encuentroinformativo.com.mx\/index.php?rest_route=\/wp\/v2\/posts\/45053\/revisions\/45055"}],"wp:featuredmedia":[{"embeddable":true,"href":"https:\/\/encuentroinformativo.com.mx\/index.php?rest_route=\/wp\/v2\/media\/45054"}],"wp:attachment":[{"href":"https:\/\/encuentroinformativo.com.mx\/index.php?rest_route=%2Fwp%2Fv2%2Fmedia&parent=45053"}],"wp:term":[{"taxonomy":"category","embeddable":true,"href":"https:\/\/encuentroinformativo.com.mx\/index.php?rest_route=%2Fwp%2Fv2%2Fcategories&post=45053"},{"taxonomy":"post_tag","embeddable":true,"href":"https:\/\/encuentroinformativo.com.mx\/index.php?rest_route=%2Fwp%2Fv2%2Ftags&post=45053"}],"curies":[{"name":"wp","href":"https:\/\/api.w.org\/{rel}","templated":true}]}}