{"id":45056,"date":"2023-09-11T14:32:09","date_gmt":"2023-09-11T20:32:09","guid":{"rendered":"https:\/\/encuentroinformativo.com.mx\/?p=45056"},"modified":"2023-09-11T15:00:42","modified_gmt":"2023-09-11T21:00:42","slug":"huachicoleo-del-gas-el-negocio-de-los-grupos-delictivos-en-region-de-poza-rica-gobernador","status":"publish","type":"post","link":"https:\/\/encuentroinformativo.com.mx\/?p=45056","title":{"rendered":"Huachicoleo del gas, el negocio de los grupos delictivos en regi\u00f3n de Poza Rica: Gobernador"},"content":{"rendered":"\n<p>Xalapa, Ver.- El gobernador Cuitl\u00e1huac Garc\u00eda Jim\u00e9nez expuso que la identificaci\u00f3n de los cuerpos hallados en Poza Rica, est\u00e1n en proceso por parte de la Fiscal\u00eda General del Estado y no busca ser medi\u00e1tico en el tema porque tiene una responsabilidad, incluso con las familiares.<\/p>\n\n\n\n<p>En conferencia de prensa dijo que tras el hallazgo de cuerpos, ya algunos se entregaron a sus familiares: &#8220;no es sencilla la identificaci\u00f3n, por la forma en que se encontraron, ya se dialoga y ah\u00ed va&#8221;.<\/p>\n\n\n\n<p>&#8220;La Fiscal\u00eda dar\u00e1 a conocer los tiempos. A nosotros nos corresponde ir contra los responsables y ya tenemos al autor que encabez\u00f3 esa c\u00e9lula ya fue detenido y desde luego se detuvo a quienes en ese momento se encontraron&#8221;.<\/p>\n\n\n\n<p>Record\u00f3 que la disputa por la plaza de Poza Rica es por el gas pues les ha salido muy redituable a los grupos delincuenciales, de ah\u00ed el operativo realizado a 11 gaseras, de las cuales clausuraron 8, una m\u00e1s se auto clausur\u00f3 y a otra m\u00e1s se le dio la oportunidad de justificar.<\/p>\n\n\n\n<p>Expuso que los operativos en Poza Rica se mantienen con resultados ya que fue identificado que no es el tr\u00e1fico de drogas y narcomenudeo lo que gener\u00f3 la disputa y el multihomicidio, \u201cdescubrimos que no, es el huachicoleo del gas, y entonces estamos tras de ello\u201d.<\/p>\n\n\n\n<p class=\"has-text-align-center\"><em><strong>Estrategia antidrogas del Presidente L\u00f3pez Obrador es ejemplo en Latinoam\u00e9rica: Gobernador<\/strong><\/em><\/p>\n\n\n\n<p>Desde el Gobierno Constitucional de Veracruz queremos reconocer la gran labor que en pol\u00edtica exterior est\u00e1 realizando el presidente de la Rep\u00fablica, el licenciado Andr\u00e9s Manuel L\u00f3pez Obrador, coloca a M\u00e9xico dentro de las naciones democr\u00e1ticas que integran a los pa\u00edses de nuestra Am\u00e9rica Latina y del Caribe y provenientes de las grandes culturas ind\u00edgenas.<\/p>\n\n\n\n<p>Tras el reconocimiento a la problem\u00e1tica continental, surgen voces con soluciones por consenso, provenientes de los gobiernos progresistas, democr\u00e1ticos, muy diferentes a las recetas neoliberales que se implementaron d\u00e9cadas atr\u00e1s y fracasaron.<\/p>\n\n\n\n<p>Resalto, por ejemplo, la explicaci\u00f3n al problema del narcotr\u00e1fico que en la Conferencia Latinoamericana y del Caribe sobre drogas y perspectivas futuras, dio el presidente de Colombia, Gustavo Petro, quien concluye que la guerra contra las drogas no resolvi\u00f3 el problema ah\u00ed en su pa\u00eds y, abund\u00f3, que es indispensable ahora tomar en cuenta acciones diferentes para disminuir el consumo de estupefacientes o mermar su demanda, como \u00e9l lo ilustr\u00f3, como buen economista que es.<\/p>\n\n\n\n<p>Que en el fondo es coincidente con la postura de nuestro Presidente en M\u00e9xico, es necesario ir a al origen del problema del consumo de drogas, atender a los j\u00f3venes, generar el bienestar de las familias, abandonar la sociedad consumista, elitista, ego\u00edsta y egocentrista para extender los valores familiares y sociales de comprensi\u00f3n, solidaridad, amor al pr\u00f3jimo, a quienes sientes desolaci\u00f3n frustraci\u00f3n o abandono social.<\/p>\n\n\n\n<p>Desde luego, t\u00e1citamente se reconocen las acciones de llevar ante la justicia a quienes infringen la Ley en los delitos relacionados a la distribuci\u00f3n de las drogas, es decir, no se trata de no hacer nada en ese aspecto, es claro que siempre se est\u00e1 tras los responsables del narcotr\u00e1fico; sin embargo, se reconoce que no ha sido suficiente y es por ello que se debe complementar con acciones que lo combatan desde otras perspectivas.<\/p>\n\n\n\n<p>Es reconfortante entonces corroborar que pol\u00edtica decidida en M\u00e9xico, tiene eco en las pol\u00edticas latinoamericanas contra el flagelo del narcotr\u00e1fico, y lo cual nosotros nos sumamos, entendemos perfectamente y seguiremos tras la misma directriz que desde las coordinaciones estatales para la Construcci\u00f3n de la Paz seguimos en la pol\u00edtica del Presidente de la Rep\u00fablica.<\/p>\n","protected":false},"excerpt":{"rendered":"<p>Xalapa, Ver.- El gobernador Cuitl\u00e1huac Garc\u00eda Jim\u00e9nez expuso que la identificaci\u00f3n de los cuerpos hallados en Poza Rica, est\u00e1n en proceso por parte de la Fiscal\u00eda General del Estado y no busca ser medi\u00e1tico en el tema porque tiene una responsabilidad, incluso con las familiares. En conferencia de prensa dijo que tras el hallazgo de [&hellip;]<\/p>\n","protected":false},"author":2476,"featured_media":45057,"comment_status":"open","ping_status":"open","sticky":false,"template":"","format":"standard","meta":{"_jetpack_memberships_contains_paid_content":false,"footnotes":""},"categories":[2],"tags":[],"class_list":["post-45056","post","type-post","status-publish","format-standard","has-post-thumbnail","hentry","category-estado"],"jetpack_featured_media_url":"https:\/\/encuentroinformativo.com.mx\/wp-content\/uploads\/2023\/09\/IMG-20230911-WA0074.jpg","jetpack_sharing_enabled":true,"jetpack_likes_enabled":true,"amp_enabled":true,"_links":{"self":[{"href":"https:\/\/encuentroinformativo.com.mx\/index.php?rest_route=\/wp\/v2\/posts\/45056","targetHints":{"allow":["GET"]}}],"collection":[{"href":"https:\/\/encuentroinformativo.com.mx\/index.php?rest_route=\/wp\/v2\/posts"}],"about":[{"href":"https:\/\/encuentroinformativo.com.mx\/index.php?rest_route=\/wp\/v2\/types\/post"}],"author":[{"embeddable":true,"href":"https:\/\/encuentroinformativo.com.mx\/index.php?rest_route=\/wp\/v2\/users\/2476"}],"replies":[{"embeddable":true,"href":"https:\/\/encuentroinformativo.com.mx\/index.php?rest_route=%2Fwp%2Fv2%2Fcomments&post=45056"}],"version-history":[{"count":2,"href":"https:\/\/encuentroinformativo.com.mx\/index.php?rest_route=\/wp\/v2\/posts\/45056\/revisions"}],"predecessor-version":[{"id":45062,"href":"https:\/\/encuentroinformativo.com.mx\/index.php?rest_route=\/wp\/v2\/posts\/45056\/revisions\/45062"}],"wp:featuredmedia":[{"embeddable":true,"href":"https:\/\/encuentroinformativo.com.mx\/index.php?rest_route=\/wp\/v2\/media\/45057"}],"wp:attachment":[{"href":"https:\/\/encuentroinformativo.com.mx\/index.php?rest_route=%2Fwp%2Fv2%2Fmedia&parent=45056"}],"wp:term":[{"taxonomy":"category","embeddable":true,"href":"https:\/\/encuentroinformativo.com.mx\/index.php?rest_route=%2Fwp%2Fv2%2Fcategories&post=45056"},{"taxonomy":"post_tag","embeddable":true,"href":"https:\/\/encuentroinformativo.com.mx\/index.php?rest_route=%2Fwp%2Fv2%2Ftags&post=45056"}],"curies":[{"name":"wp","href":"https:\/\/api.w.org\/{rel}","templated":true}]}}