{"id":45063,"date":"2023-09-11T15:06:32","date_gmt":"2023-09-11T21:06:32","guid":{"rendered":"https:\/\/encuentroinformativo.com.mx\/?p=45063"},"modified":"2023-09-11T15:06:35","modified_gmt":"2023-09-11T21:06:35","slug":"demandan-atencion-a-edificio-de-rectoria-de-la-upv","status":"publish","type":"post","link":"https:\/\/encuentroinformativo.com.mx\/?p=45063","title":{"rendered":"Demandan atenci\u00f3n a edificio de rector\u00eda de la UPV"},"content":{"rendered":"\n<p><strong>Dar\u00edo Pale <\/strong><\/p>\n\n\n\n<p>Xalapa, Ver.- Exigen a la Secretar\u00eda de Educaci\u00f3n de Veracruz (SEV) atienda las condiciones del edificio en el que se ubica la rector\u00eda de la Universidad Pedag\u00f3gica Veracruzana (UPV), as\u00ed lo se\u00f1al\u00f3 el secretario general del Sindicato Independiente de Regeneraci\u00f3n Magisterial (SIRMA), Tonatiuh Paredes Rangel.<\/p>\n\n\n\n<p>En conferencia de prensa advirti\u00f3 que el inmueble ubicado en la esquina de la avenida Am\u00e9ricas y la calle Justino Sarmiento, en Xalapa, se encuentra en malas condiciones, no cuenta con electricidad propia y carece de paredes s\u00f3lidas, lo que pone en riesgo a los m\u00e1s de 400 empleados que laboran en \u00e9l.<\/p>\n\n\n\n<p>&#8220;No tiene las condiciones, de acuerdo a Protecci\u00f3n Civil Estatal, sus dict\u00e1menes, no tiene las condiciones b\u00e1sicas necesarias para poder operar. Un ejemplo muy sencillo es que no tiene ni siquiera medidor de luz, se cuelgan de la corriente el\u00e9ctrica de otro espacio&#8221;, se\u00f1al\u00f3.<\/p>\n\n\n\n<p>Indic\u00f3 que debido a esta situaci\u00f3n los empleados no pueden conectar sus equipos de trabajo. Y lo m\u00e1s grave es que una mujer result\u00f3 lesionada luego de que un corto circuito tron\u00f3 una l\u00e1mpara cuyos cristales incandescentes le cayeron encima.<\/p>\n\n\n\n<p>Record\u00f3 que desde hace tres meses expuso la situaci\u00f3n en una reuni\u00f3n que sostuvo con el secretario de Educaci\u00f3n, Zenyazen Escobar Garc\u00eda, y dem\u00e1s funcionarios de la SEV. Aunque el personal sigue trabajando en el edificio pese a que la Oficial Mayor, Ariadna Selene Aguilar Amaya, recibi\u00f3 instrucciones para buscar otro espacio en el que se pueda reinstalar la rector\u00eda.<\/p>\n\n\n\n<p>En otro orden de ideas dijeron que, &#8220;solicitamos se nos informe los motivos por cuales la matr\u00edcula del Centro Xalapa descendi\u00f3 de forma significativa, hacemos de su conocimiento que, la generaci\u00f3n saliente, en el \u00faltimo ciclo escolar fue de 5 grupos; sin embargo, actualmente s\u00f3lo ingresaron 3 grupos de 25 alumnos cada uno&#8221;.<\/p>\n\n\n\n<p>&#8220;Se nos inform\u00f3 que el motivo fue falta de espacio en la escuela primaria que se rentan, situaci\u00f3n alarmante; ya que no se cuenta con aulas dignas para nuestros estudiantes. Por lo que, apelando a lo comentado por la Oficial Mayor, Ariadna Selene Aguilar Amaya, durante la reuni\u00f3n antes mencionada, sobre su inter\u00e9s de hacer crecer a la Universidad, tanto en cantidad como en calidad, les solicitamos amablemente interceda junto a usted para garantizarlo&#8221;, coment\u00f3.<\/p>\n\n\n\n<p>Se\u00f1al\u00f3 que en reuniones posteriores con el de educaci\u00f3n Media Superior y Superior, dio la instrucci\u00f3n a sus colaboradores de que no habr\u00eda m\u00e1s contratos para personal externo con experiencia solo de preescolar y primaria; ya que son una universidad formadora de docentes; sin embargo, esto prevaleci\u00f3 en el inicio de este ciclo escolar en la UPV, y sin respetar la austeridad republicana, generando as\u00ed gastos innecesarios y excluyendo a la plantilla de base que cuenta con el perfil y experiencia y que solicit\u00f3 dar clases.<br>En el mismo sentido, solicitaron que se realice la auditor\u00eda administrativa a la Universidad Pedag\u00f3gica Veracruzana, propuesta por el subsecretario de Educaci\u00f3n Media Superior y Superior.<\/p>\n\n\n\n<p>Dijeron que, &#8220;solicitamos se nos informe en qu\u00e9 parte del proceso se encuentra la Solicitud de destituci\u00f3n de la rectora y su equipo, realizada mediante oficio y de manera y directa y personal al Subsecretario de Educaci\u00f3n Media Superior y superior, Jorge Miguel Uscanga Villalba, esto debido a la p\u00e9sima gesti\u00f3n realizada desde el inicio de su administraci\u00f3n; as\u00ed como por faltas de respeto y malos tratos hacia al personal&#8221;.<\/p>\n\n\n\n<p>Finalmente dieron a conocer que, &#8220;reiteramos que el ambiente laboral que prevalece actualmente es originado por ella; ya que el cambio de edificio respondi\u00f3 a sus intereses personales, pues la calle donde se encontraba, es la misma donde ella tiene su residencia y form\u00f3 parte de quienes colocaron mantas en sus casas para expulsar a la UPV de la zona&#8221;.<\/p>\n","protected":false},"excerpt":{"rendered":"<p>Dar\u00edo Pale Xalapa, Ver.- Exigen a la Secretar\u00eda de Educaci\u00f3n de Veracruz (SEV) atienda las condiciones del edificio en el que se ubica la rector\u00eda de la Universidad Pedag\u00f3gica Veracruzana (UPV), as\u00ed lo se\u00f1al\u00f3 el secretario general del Sindicato Independiente de Regeneraci\u00f3n Magisterial (SIRMA), Tonatiuh Paredes Rangel. En conferencia de prensa advirti\u00f3 que el inmueble [&hellip;]<\/p>\n","protected":false},"author":2476,"featured_media":45064,"comment_status":"open","ping_status":"open","sticky":false,"template":"","format":"standard","meta":{"_jetpack_memberships_contains_paid_content":false,"footnotes":""},"categories":[3],"tags":[],"class_list":["post-45063","post","type-post","status-publish","format-standard","has-post-thumbnail","hentry","category-xalapa"],"jetpack_featured_media_url":"https:\/\/encuentroinformativo.com.mx\/wp-content\/uploads\/2023\/09\/IMG-20230911-WA0098.jpg","jetpack_sharing_enabled":true,"jetpack_likes_enabled":true,"amp_enabled":true,"_links":{"self":[{"href":"https:\/\/encuentroinformativo.com.mx\/index.php?rest_route=\/wp\/v2\/posts\/45063","targetHints":{"allow":["GET"]}}],"collection":[{"href":"https:\/\/encuentroinformativo.com.mx\/index.php?rest_route=\/wp\/v2\/posts"}],"about":[{"href":"https:\/\/encuentroinformativo.com.mx\/index.php?rest_route=\/wp\/v2\/types\/post"}],"author":[{"embeddable":true,"href":"https:\/\/encuentroinformativo.com.mx\/index.php?rest_route=\/wp\/v2\/users\/2476"}],"replies":[{"embeddable":true,"href":"https:\/\/encuentroinformativo.com.mx\/index.php?rest_route=%2Fwp%2Fv2%2Fcomments&post=45063"}],"version-history":[{"count":1,"href":"https:\/\/encuentroinformativo.com.mx\/index.php?rest_route=\/wp\/v2\/posts\/45063\/revisions"}],"predecessor-version":[{"id":45065,"href":"https:\/\/encuentroinformativo.com.mx\/index.php?rest_route=\/wp\/v2\/posts\/45063\/revisions\/45065"}],"wp:featuredmedia":[{"embeddable":true,"href":"https:\/\/encuentroinformativo.com.mx\/index.php?rest_route=\/wp\/v2\/media\/45064"}],"wp:attachment":[{"href":"https:\/\/encuentroinformativo.com.mx\/index.php?rest_route=%2Fwp%2Fv2%2Fmedia&parent=45063"}],"wp:term":[{"taxonomy":"category","embeddable":true,"href":"https:\/\/encuentroinformativo.com.mx\/index.php?rest_route=%2Fwp%2Fv2%2Fcategories&post=45063"},{"taxonomy":"post_tag","embeddable":true,"href":"https:\/\/encuentroinformativo.com.mx\/index.php?rest_route=%2Fwp%2Fv2%2Ftags&post=45063"}],"curies":[{"name":"wp","href":"https:\/\/api.w.org\/{rel}","templated":true}]}}