{"id":45066,"date":"2023-09-11T15:13:24","date_gmt":"2023-09-11T21:13:24","guid":{"rendered":"https:\/\/encuentroinformativo.com.mx\/?p=45066"},"modified":"2023-09-11T15:13:28","modified_gmt":"2023-09-11T21:13:28","slug":"participa-ivai-en-cuarta-jornada-de-talleres-espanol-para-todos-en-alto-lucero","status":"publish","type":"post","link":"https:\/\/encuentroinformativo.com.mx\/?p=45066","title":{"rendered":"Participa IVAI en cuarta jornada de talleres Espa\u00f1ol para Todos, en Alto Lucero"},"content":{"rendered":"\n<p><strong>*El Comisionado Presidente David Agust\u00edn Jim\u00e9nez Rojas, que presidi\u00f3 el evento, celebr\u00f3 este tipo acciones, donde se ense\u00f1a a la ni\u00f1ez veracruzana el amor por la lectura.<\/strong><\/p>\n\n\n\n<p>Alto Lucero de Guti\u00e9rrez Barrios, Ver.- El Comisionado Presidente del Instituto Veracruzano de Acceso a la Informaci\u00f3n y Protecci\u00f3n de Datos Personales (IVAI), David Agust\u00edn Jim\u00e9nez Rojas, presidi\u00f3 el arranque de la cuarta temporada de talleres 2023-2024, por parte del programa Espa\u00f1ol Para Todos, perteneciente a la Secretar\u00eda de Educaci\u00f3n B\u00e1sica de Veracruz, desde donde se coordina la Brigada de la Lectura y la Cultura \u201cMujeres Insurgentes\u201d.<\/p>\n\n\n\n<p>Durante el evento, que tuvo lugar en la escuela primaria \u201cJosefa Ortiz de Dom\u00ednguez\u201d, de la localidad de Cerrillos de D\u00edaz, del municipio de Alto Lucero, el Comisionado David Agust\u00edn Jim\u00e9nez Rojas dio su respaldo a este tipo de acciones, con las que se busca sembrar en la ni\u00f1ez veracruzana el amor por la lectura, sendero que los llevar\u00e1, tambi\u00e9n, a conocer sus derechos, como la protecci\u00f3n de sus datos personales, adem\u00e1s de responsabilidades como futuros ciudadanos de bien.<\/p>\n\n\n\n<p>En el marco del segundo aniversario de la Brigada Mujeres insurgentes, pr\u00f3ximo a celebrarse este 27 de septiembre, la directora de la Comisi\u00f3n Nacional de Libros de Texto Gratuitos (CONALITEG), Victoria Guill\u00e9n \u00c1lvarez, se comprometi\u00f3 a donar 35,700 libros a la brigada \u201cMujeres Insurgentes\u201d.<\/p>\n\n\n\n<p>En este tenor Guill\u00e9n \u00c1lvarez recalc\u00f3 que es esencial leer desde la infancia, \u201cnos dio mucho gusto encontrar que \u201cMujeres Insurgentes\u201d incorpora para sus brigadas la perspectiva de g\u00e9nero, inclusi\u00f3n, no discriminaci\u00f3n, estilos de vida saludables y aspectos relacionados con formaci\u00f3n ciudadana, cultura de paz, activaci\u00f3n f\u00edsica, ciencias, arte y m\u00fasica\u201d, enfatiz\u00f3. \u201cLes animo a todos a hacer de la lectura parte integral de nuestras vidas\u201d, a\u00f1adi\u00f3 la directora del CONALITEG, durante su mensaje en la inauguraci\u00f3n de la cuarta temporada de talleres 2023-2024.<\/p>\n\n\n\n<p>Durante su intervenci\u00f3n la maestra Julieta Jim\u00e9nez Torres, Promotora de la Lectura y la Cultura \u201cMujeres Insurgentes\u201d, agradeci\u00f3 a todas las maestras y maestros, as\u00ed como a las diferentes secretarias de gobierno tanto Estatales y Federales, el acompa\u00f1amiento durante el proceso de distribuci\u00f3n de libros y de promoci\u00f3n de la lectura tanto en ni\u00f1os como con los padres de familia.<\/p>\n\n\n\n<p>\u201cEs un agradecimiento que me nace desde los m\u00e1s \u00edntimo de mi conciencia, porque sin ellos esta idea de promover la lectura no hubiera tenido ning\u00fan \u00e9xito, por lo que agradezco a todos los que nos han acompa\u00f1ado en la Brigada \u201cMujeres Insurgentes\u201d, quienes han hecho posible y han hecho realidad esta tarea de promover la lectura donde m\u00e1s falta hace, que es, en los hogares veracruzanos\u201d, finaliz\u00f3 Jim\u00e9nez Torres.<\/p>\n","protected":false},"excerpt":{"rendered":"<p>*El Comisionado Presidente David Agust\u00edn Jim\u00e9nez Rojas, que presidi\u00f3 el evento, celebr\u00f3 este tipo acciones, donde se ense\u00f1a a la ni\u00f1ez veracruzana el amor por la lectura. Alto Lucero de Guti\u00e9rrez Barrios, Ver.- El Comisionado Presidente del Instituto Veracruzano de Acceso a la Informaci\u00f3n y Protecci\u00f3n de Datos Personales (IVAI), David Agust\u00edn Jim\u00e9nez Rojas, presidi\u00f3 [&hellip;]<\/p>\n","protected":false},"author":2476,"featured_media":45067,"comment_status":"open","ping_status":"open","sticky":false,"template":"","format":"standard","meta":{"_jetpack_memberships_contains_paid_content":false,"footnotes":""},"categories":[2],"tags":[],"class_list":["post-45066","post","type-post","status-publish","format-standard","has-post-thumbnail","hentry","category-estado"],"jetpack_featured_media_url":"https:\/\/encuentroinformativo.com.mx\/wp-content\/uploads\/2023\/09\/IMG-20230911-WA0090.jpg","jetpack_sharing_enabled":true,"jetpack_likes_enabled":true,"amp_enabled":true,"_links":{"self":[{"href":"https:\/\/encuentroinformativo.com.mx\/index.php?rest_route=\/wp\/v2\/posts\/45066","targetHints":{"allow":["GET"]}}],"collection":[{"href":"https:\/\/encuentroinformativo.com.mx\/index.php?rest_route=\/wp\/v2\/posts"}],"about":[{"href":"https:\/\/encuentroinformativo.com.mx\/index.php?rest_route=\/wp\/v2\/types\/post"}],"author":[{"embeddable":true,"href":"https:\/\/encuentroinformativo.com.mx\/index.php?rest_route=\/wp\/v2\/users\/2476"}],"replies":[{"embeddable":true,"href":"https:\/\/encuentroinformativo.com.mx\/index.php?rest_route=%2Fwp%2Fv2%2Fcomments&post=45066"}],"version-history":[{"count":1,"href":"https:\/\/encuentroinformativo.com.mx\/index.php?rest_route=\/wp\/v2\/posts\/45066\/revisions"}],"predecessor-version":[{"id":45068,"href":"https:\/\/encuentroinformativo.com.mx\/index.php?rest_route=\/wp\/v2\/posts\/45066\/revisions\/45068"}],"wp:featuredmedia":[{"embeddable":true,"href":"https:\/\/encuentroinformativo.com.mx\/index.php?rest_route=\/wp\/v2\/media\/45067"}],"wp:attachment":[{"href":"https:\/\/encuentroinformativo.com.mx\/index.php?rest_route=%2Fwp%2Fv2%2Fmedia&parent=45066"}],"wp:term":[{"taxonomy":"category","embeddable":true,"href":"https:\/\/encuentroinformativo.com.mx\/index.php?rest_route=%2Fwp%2Fv2%2Fcategories&post=45066"},{"taxonomy":"post_tag","embeddable":true,"href":"https:\/\/encuentroinformativo.com.mx\/index.php?rest_route=%2Fwp%2Fv2%2Ftags&post=45066"}],"curies":[{"name":"wp","href":"https:\/\/api.w.org\/{rel}","templated":true}]}}