{"id":4507,"date":"2020-07-29T15:49:58","date_gmt":"2020-07-29T20:49:58","guid":{"rendered":"https:\/\/encuentroinformativo.com\/?p=4507"},"modified":"2020-07-29T15:50:00","modified_gmt":"2020-07-29T20:50:00","slug":"cuestionan-rechazo-de-suprema-corte-a-tema-del-aborto-en-veracruz","status":"publish","type":"post","link":"https:\/\/encuentroinformativo.com.mx\/?p=4507","title":{"rendered":"Cuestionan rechazo de Suprema Corte a tema del aborto en Veracruz"},"content":{"rendered":"\n<p><strong>Dar\u00edo Pale <\/strong><\/p>\n\n\n\n<p>Xalapa, Ver.- En el monumento a la madre que se encuentra en la Avenida Avila Camacho de la ciudadan\u00eda de Xalapa, este d\u00eda le fue colocada una manta a favor del aborto.<\/p>\n\n\n\n<p>En la lona que le fue colocada donde con amplias letras verdes con negro, se puede apreciar la leyenda que dice: \u201cLa maternidad ser\u00e1 deseada o no ser\u00e1\u201d.<\/p>\n\n\n\n<p>Esto despu\u00e9s de no ser aprobada la modificaci\u00f3n a la ley del aborto y fuera \u00a0 dictaminado por cuatro ministros en contra del proyecto y uno a favor.<\/p>\n\n\n\n<p>Las que votaron en contra fue Norma Luc\u00eda Pi\u00f1a, Pardo Rebolledo, Margarita R\u00edos Farjat y Guti\u00e9rrez Ort\u00edz Mena.<\/p>\n\n\n\n<p>Por lo cual fue rechazado dicho proyecto, donde no hay omisi\u00f3n legislativa por parte del \u00a0Congreso de Veracruz.<\/p>\n\n\n\n<figure class=\"wp-block-image size-large\"><img loading=\"lazy\" decoding=\"async\" width=\"780\" height=\"1040\" src=\"https:\/\/i0.wp.com\/encuentroinformativo.com\/wp-content\/uploads\/2020\/07\/80E0986F-CDDA-415A-B548-ECC490849EEC.jpeg?fit=640%2C853&amp;ssl=1\" alt=\"\" class=\"wp-image-4509\" srcset=\"https:\/\/encuentroinformativo.com.mx\/wp-content\/uploads\/2020\/07\/80E0986F-CDDA-415A-B548-ECC490849EEC.jpeg 780w, https:\/\/encuentroinformativo.com.mx\/wp-content\/uploads\/2020\/07\/80E0986F-CDDA-415A-B548-ECC490849EEC-225x300.jpeg 225w, https:\/\/encuentroinformativo.com.mx\/wp-content\/uploads\/2020\/07\/80E0986F-CDDA-415A-B548-ECC490849EEC-768x1024.jpeg 768w\" sizes=\"auto, (max-width: 780px) 100vw, 780px\" \/><\/figure>\n\n\n\n<p><\/p>\n","protected":false},"excerpt":{"rendered":"<p>Dar\u00edo Pale Xalapa, Ver.- En el monumento a la madre que se encuentra en la Avenida Avila Camacho de la ciudadan\u00eda de Xalapa, este d\u00eda le fue colocada una manta a favor del aborto. En la lona que le fue colocada donde con amplias letras verdes con negro, se puede apreciar la leyenda que dice: [&hellip;]<\/p>\n","protected":false},"author":1,"featured_media":4508,"comment_status":"open","ping_status":"open","sticky":false,"template":"","format":"standard","meta":{"_jetpack_memberships_contains_paid_content":false,"footnotes":""},"categories":[3],"tags":[],"class_list":["post-4507","post","type-post","status-publish","format-standard","has-post-thumbnail","hentry","category-xalapa"],"jetpack_featured_media_url":"https:\/\/encuentroinformativo.com.mx\/wp-content\/uploads\/2020\/07\/6ED10AA5-EAFC-4D6C-A8A0-014EE1365A1A.jpeg","jetpack_sharing_enabled":true,"jetpack_likes_enabled":true,"amp_enabled":true,"_links":{"self":[{"href":"https:\/\/encuentroinformativo.com.mx\/index.php?rest_route=\/wp\/v2\/posts\/4507","targetHints":{"allow":["GET"]}}],"collection":[{"href":"https:\/\/encuentroinformativo.com.mx\/index.php?rest_route=\/wp\/v2\/posts"}],"about":[{"href":"https:\/\/encuentroinformativo.com.mx\/index.php?rest_route=\/wp\/v2\/types\/post"}],"author":[{"embeddable":true,"href":"https:\/\/encuentroinformativo.com.mx\/index.php?rest_route=\/wp\/v2\/users\/1"}],"replies":[{"embeddable":true,"href":"https:\/\/encuentroinformativo.com.mx\/index.php?rest_route=%2Fwp%2Fv2%2Fcomments&post=4507"}],"version-history":[{"count":1,"href":"https:\/\/encuentroinformativo.com.mx\/index.php?rest_route=\/wp\/v2\/posts\/4507\/revisions"}],"predecessor-version":[{"id":4510,"href":"https:\/\/encuentroinformativo.com.mx\/index.php?rest_route=\/wp\/v2\/posts\/4507\/revisions\/4510"}],"wp:featuredmedia":[{"embeddable":true,"href":"https:\/\/encuentroinformativo.com.mx\/index.php?rest_route=\/wp\/v2\/media\/4508"}],"wp:attachment":[{"href":"https:\/\/encuentroinformativo.com.mx\/index.php?rest_route=%2Fwp%2Fv2%2Fmedia&parent=4507"}],"wp:term":[{"taxonomy":"category","embeddable":true,"href":"https:\/\/encuentroinformativo.com.mx\/index.php?rest_route=%2Fwp%2Fv2%2Fcategories&post=4507"},{"taxonomy":"post_tag","embeddable":true,"href":"https:\/\/encuentroinformativo.com.mx\/index.php?rest_route=%2Fwp%2Fv2%2Ftags&post=4507"}],"curies":[{"name":"wp","href":"https:\/\/api.w.org\/{rel}","templated":true}]}}