{"id":45079,"date":"2023-09-11T22:28:19","date_gmt":"2023-09-12T04:28:19","guid":{"rendered":"https:\/\/encuentroinformativo.com.mx\/?p=45079"},"modified":"2023-09-11T22:29:12","modified_gmt":"2023-09-12T04:29:12","slug":"invita-alcalde-juan-manuel-unanue-a-dar-el-tradicional-grito-de-independencia","status":"publish","type":"post","link":"https:\/\/encuentroinformativo.com.mx\/?p=45079","title":{"rendered":"Invita Alcalde Juan Manuel Un\u00e1nue a dar el tradicional Grito de Independencia"},"content":{"rendered":"\n<p><strong>*<em>Las actividades dar\u00e1n inicio a partir de las 21 horas en la Plaza C\u00edvica Benito Ju\u00e1rez con una verbena mexicana y actividades culturales<\/em><\/strong>.<\/p>\n\n\n\n<p>Boca del R\u00edo, Ver.- El Alcalde de Boca del R\u00edo, Juan Manuel Un\u00e1nue Abascal, encabezar\u00e1 la Ceremonia Conmemorativa del 213 Aniversario del Grito de Independencia de M\u00e9xico la noche de este viernes 15 de septiembre.<\/p>\n\n\n\n<p>La ceremonia se realizar\u00e1 en punto de las 22:50 horas en la Plaza C\u00edvica Benito Ju\u00e1rez de la cabecera municipal de Boca del R\u00edo.<\/p>\n\n\n\n<p>&#8220;Estamos listos para dar el Grito de Independencia, invitamos a los boque\u00f1os a que acudan a la Plaza C\u00edvica para que disfruten de estas fiestas patrias y que celebren con nosotros el orgullo de ser mexicanos&#8221;, dijo el edil.<\/p>\n\n\n\n<p>Como cada a\u00f1o desde que el pa\u00eds es independiente, se refrenda el amor por M\u00e9xico y por Boca del R\u00edo, enfatizando la unidad y libertad, adem\u00e1s de exaltar el cari\u00f1o por nuestros s\u00edmbolos patrios.<\/p>\n\n\n\n<p>Un\u00e1nue Abascal anunci\u00f3 que durante la noche se realizar\u00e1 una verbena mexicana, adem\u00e1s de la presentaci\u00f3n baile folcl\u00f3rico y espect\u00e1culo de pirotecnia a partir de las 21 horas.<\/p>\n\n\n\n<p>Cabe mencionar que previamente, el 13 de septiembre, el Presidente Municipal de Boca del R\u00edo, autoridades militares y municipales conmemorar\u00e1n el Aniversario de la Batalla de Chapultepec y la Gesta Heroica de los Ni\u00f1os H\u00e9roes en el monumento en su honor ubicado en el bulevar Adolfo Ruiz Cortines.<\/p>\n\n\n\n<figure class=\"wp-block-image size-large\"><img loading=\"lazy\" decoding=\"async\" width=\"1024\" height=\"1024\" src=\"https:\/\/encuentroinformativo.com.mx\/wp-content\/uploads\/2023\/09\/IMG-20230911-WA0151-1024x1024.jpg\" alt=\"\" class=\"wp-image-45080\" srcset=\"https:\/\/encuentroinformativo.com.mx\/wp-content\/uploads\/2023\/09\/IMG-20230911-WA0151-1024x1024.jpg 1024w, https:\/\/encuentroinformativo.com.mx\/wp-content\/uploads\/2023\/09\/IMG-20230911-WA0151-300x300.jpg 300w, https:\/\/encuentroinformativo.com.mx\/wp-content\/uploads\/2023\/09\/IMG-20230911-WA0151-150x150.jpg 150w, https:\/\/encuentroinformativo.com.mx\/wp-content\/uploads\/2023\/09\/IMG-20230911-WA0151-768x768.jpg 768w, https:\/\/encuentroinformativo.com.mx\/wp-content\/uploads\/2023\/09\/IMG-20230911-WA0151-1536x1536.jpg 1536w, https:\/\/encuentroinformativo.com.mx\/wp-content\/uploads\/2023\/09\/IMG-20230911-WA0151.jpg 1600w\" sizes=\"auto, (max-width: 1024px) 100vw, 1024px\" \/><\/figure>\n","protected":false},"excerpt":{"rendered":"<p>*Las actividades dar\u00e1n inicio a partir de las 21 horas en la Plaza C\u00edvica Benito Ju\u00e1rez con una verbena mexicana y actividades culturales. Boca del R\u00edo, Ver.- El Alcalde de Boca del R\u00edo, Juan Manuel Un\u00e1nue Abascal, encabezar\u00e1 la Ceremonia Conmemorativa del 213 Aniversario del Grito de Independencia de M\u00e9xico la noche de este viernes [&hellip;]<\/p>\n","protected":false},"author":2476,"featured_media":45080,"comment_status":"open","ping_status":"open","sticky":false,"template":"","format":"standard","meta":{"_jetpack_memberships_contains_paid_content":false,"footnotes":""},"categories":[2],"tags":[],"class_list":["post-45079","post","type-post","status-publish","format-standard","has-post-thumbnail","hentry","category-estado"],"jetpack_featured_media_url":"https:\/\/encuentroinformativo.com.mx\/wp-content\/uploads\/2023\/09\/IMG-20230911-WA0151.jpg","jetpack_sharing_enabled":true,"jetpack_likes_enabled":true,"amp_enabled":true,"_links":{"self":[{"href":"https:\/\/encuentroinformativo.com.mx\/index.php?rest_route=\/wp\/v2\/posts\/45079","targetHints":{"allow":["GET"]}}],"collection":[{"href":"https:\/\/encuentroinformativo.com.mx\/index.php?rest_route=\/wp\/v2\/posts"}],"about":[{"href":"https:\/\/encuentroinformativo.com.mx\/index.php?rest_route=\/wp\/v2\/types\/post"}],"author":[{"embeddable":true,"href":"https:\/\/encuentroinformativo.com.mx\/index.php?rest_route=\/wp\/v2\/users\/2476"}],"replies":[{"embeddable":true,"href":"https:\/\/encuentroinformativo.com.mx\/index.php?rest_route=%2Fwp%2Fv2%2Fcomments&post=45079"}],"version-history":[{"count":2,"href":"https:\/\/encuentroinformativo.com.mx\/index.php?rest_route=\/wp\/v2\/posts\/45079\/revisions"}],"predecessor-version":[{"id":45082,"href":"https:\/\/encuentroinformativo.com.mx\/index.php?rest_route=\/wp\/v2\/posts\/45079\/revisions\/45082"}],"wp:featuredmedia":[{"embeddable":true,"href":"https:\/\/encuentroinformativo.com.mx\/index.php?rest_route=\/wp\/v2\/media\/45080"}],"wp:attachment":[{"href":"https:\/\/encuentroinformativo.com.mx\/index.php?rest_route=%2Fwp%2Fv2%2Fmedia&parent=45079"}],"wp:term":[{"taxonomy":"category","embeddable":true,"href":"https:\/\/encuentroinformativo.com.mx\/index.php?rest_route=%2Fwp%2Fv2%2Fcategories&post=45079"},{"taxonomy":"post_tag","embeddable":true,"href":"https:\/\/encuentroinformativo.com.mx\/index.php?rest_route=%2Fwp%2Fv2%2Ftags&post=45079"}],"curies":[{"name":"wp","href":"https:\/\/api.w.org\/{rel}","templated":true}]}}