{"id":45088,"date":"2023-09-12T09:55:18","date_gmt":"2023-09-12T15:55:18","guid":{"rendered":"https:\/\/encuentroinformativo.com.mx\/?p=45088"},"modified":"2023-09-12T09:55:23","modified_gmt":"2023-09-12T15:55:23","slug":"veracruz-segundo-lugar-nacional-en-casos-de-dengue-senala-senadora","status":"publish","type":"post","link":"https:\/\/encuentroinformativo.com.mx\/?p=45088","title":{"rendered":"Veracruz segundo lugar nacional en casos de dengue, se\u00f1ala Senadora"},"content":{"rendered":"\n<p><strong>Alejandro \u00c1vila<\/strong><\/p>\n\n\n\n<p>Veracruz, Ver.- Ante el alarmante aumento en los casos de dengue durante las \u00faltimas semanas en la zona conurbada Veracruz &#8211; Boca del R\u00edo, la Senadora, Indira Rosales San Rom\u00e1n, en colaboraci\u00f3n con el Centro de Investigacio\u0301n Cli\u0301nica FAICIC, dieron inicio a la &#8220;Campa\u00f1a de Detecci\u00f3n y Tratamiento del Dengue&#8221;.<\/p>\n\n\n\n<p>Es de mencionar que, el pasado 5 de septiembre, el director m\u00e9dico de la Cruz Roja Veracruz, No\u00e9 de la Cruz Guzm\u00e1n, confirm\u00f3 el aumento de casos en un 30 por ciento en los \u00faltimos tres meses.<\/p>\n\n\n\n<p>Ante esta situaci\u00f3n, legisladora la panista concret\u00f3 el convenio de colaboraci\u00f3n con FAICIC para brindar gratuitamente, pruebas de detecci\u00f3n, valoraci\u00f3n me\u0301dica, y tratamiento y seguimiento contra esta enfermedad.<\/p>\n\n\n\n<p>Indira Rosales aclar\u00f3 que los interesados podr\u00e1n acudir al Centro de Investigacio\u0301n Cli\u0301nica FAICIC para su valoraci\u00f3n, ya que se\u00f1al\u00f3, es importante evitar el desarrollo de la enfermedad y reducir el nu\u0301mero de casos de dengue en las familias de la zona conurbada.<\/p>\n\n\n\n<p>Adem\u00e1s, subray\u00f3 que el 73 por ciento de los casos confirmados del pai\u0301s corresponden a 5 estados: Yucata\u0301n, Veracruz, Quintana Roo, Puebla y Morelos.&nbsp;<\/p>\n\n\n\n<p>\u201cVeracruz es el segundo estado del pai\u0301s con ma\u0301s casos de dengue -s\u00f3lo despue\u0301s de Yucata\u0301n-. S\u00f3lo en el 2023, de acuerdo con el Panorama Epidemiolo\u0301gico de Dengue dado a conocer por la Secretari\u0301a de Salud Federal, contamos con 2 mil 935 casos confirmados y 4 personas fallecidas\u201d, dijo.&nbsp;<\/p>\n\n\n\n<p>La Senadora afirm\u00f3 que el dengue es una enfermedad causada por un virus y se transmite a las personas por la picadura del mosquito portador de la enfermedad, y si\u0301ntomas ma\u0301s comunes son: fiebre, na\u0301useas, vo\u0301mito, insomnio y falta de apetito, principalmente.&nbsp;<\/p>\n\n\n\n<p>\u201cPor ello es necesario no bajar la guardia ante esta enfermedad, que puede resultar mortal\u201d, sostuvo.<\/p>\n\n\n\n<p>Por \u00faltimo, dio a conocer que llevar\u00e1 esta campa\u00f1a a otros lugares del Estado para que toda la gente pueda realizarse estos estudios preventivos.<\/p>\n","protected":false},"excerpt":{"rendered":"<p>Alejandro \u00c1vila Veracruz, Ver.- Ante el alarmante aumento en los casos de dengue durante las \u00faltimas semanas en la zona conurbada Veracruz &#8211; Boca del R\u00edo, la Senadora, Indira Rosales San Rom\u00e1n, en colaboraci\u00f3n con el Centro de Investigacio\u0301n Cli\u0301nica FAICIC, dieron inicio a la &#8220;Campa\u00f1a de Detecci\u00f3n y Tratamiento del Dengue&#8221;. Es de mencionar [&hellip;]<\/p>\n","protected":false},"author":2476,"featured_media":45089,"comment_status":"open","ping_status":"open","sticky":false,"template":"","format":"standard","meta":{"_jetpack_memberships_contains_paid_content":false,"footnotes":""},"categories":[9],"tags":[],"class_list":["post-45088","post","type-post","status-publish","format-standard","has-post-thumbnail","hentry","category-salud"],"jetpack_featured_media_url":"https:\/\/encuentroinformativo.com.mx\/wp-content\/uploads\/2023\/09\/IMG-20230912-WA0005.jpg","jetpack_sharing_enabled":true,"jetpack_likes_enabled":true,"amp_enabled":true,"_links":{"self":[{"href":"https:\/\/encuentroinformativo.com.mx\/index.php?rest_route=\/wp\/v2\/posts\/45088","targetHints":{"allow":["GET"]}}],"collection":[{"href":"https:\/\/encuentroinformativo.com.mx\/index.php?rest_route=\/wp\/v2\/posts"}],"about":[{"href":"https:\/\/encuentroinformativo.com.mx\/index.php?rest_route=\/wp\/v2\/types\/post"}],"author":[{"embeddable":true,"href":"https:\/\/encuentroinformativo.com.mx\/index.php?rest_route=\/wp\/v2\/users\/2476"}],"replies":[{"embeddable":true,"href":"https:\/\/encuentroinformativo.com.mx\/index.php?rest_route=%2Fwp%2Fv2%2Fcomments&post=45088"}],"version-history":[{"count":1,"href":"https:\/\/encuentroinformativo.com.mx\/index.php?rest_route=\/wp\/v2\/posts\/45088\/revisions"}],"predecessor-version":[{"id":45090,"href":"https:\/\/encuentroinformativo.com.mx\/index.php?rest_route=\/wp\/v2\/posts\/45088\/revisions\/45090"}],"wp:featuredmedia":[{"embeddable":true,"href":"https:\/\/encuentroinformativo.com.mx\/index.php?rest_route=\/wp\/v2\/media\/45089"}],"wp:attachment":[{"href":"https:\/\/encuentroinformativo.com.mx\/index.php?rest_route=%2Fwp%2Fv2%2Fmedia&parent=45088"}],"wp:term":[{"taxonomy":"category","embeddable":true,"href":"https:\/\/encuentroinformativo.com.mx\/index.php?rest_route=%2Fwp%2Fv2%2Fcategories&post=45088"},{"taxonomy":"post_tag","embeddable":true,"href":"https:\/\/encuentroinformativo.com.mx\/index.php?rest_route=%2Fwp%2Fv2%2Ftags&post=45088"}],"curies":[{"name":"wp","href":"https:\/\/api.w.org\/{rel}","templated":true}]}}