{"id":45096,"date":"2023-09-12T12:35:00","date_gmt":"2023-09-12T18:35:00","guid":{"rendered":"https:\/\/encuentroinformativo.com.mx\/?p=45096"},"modified":"2023-09-12T12:35:04","modified_gmt":"2023-09-12T18:35:04","slug":"padres-de-la-esti-26-no-violentaron-libros-de-texto-defiende-director-de-plantel","status":"publish","type":"post","link":"https:\/\/encuentroinformativo.com.mx\/?p=45096","title":{"rendered":"Padres de la ESTI 26 no violentaron libros de texto, defiende director de plantel"},"content":{"rendered":"\n<p><strong>Alejandro \u00c1vila<\/strong><\/p>\n\n\n\n<p>Veracruz, Ver.- El director de la Escuela Secundaria T\u00e9cnica Industrial (ESTI) n\u00famero 26, Vladimir Leines \u00c1vila, neg\u00f3 rotundamente que los padres de familia que violentaron el Foro sobre los Libros de Texto, hayan sido tutores de los alumnos de su plantel educativo.<\/p>\n\n\n\n<p>Cabe recordar que, el pasado 23 de agosto se realiz\u00f3 el &#8220;Foro para el Di\u00e1logo sobre los Libros de Texto&#8221;, con con la presencia de la subsecretar\u00eda de educaci\u00f3n b\u00e1sica de la SEV, Maritza Ram\u00edrez Aguilar, en la escuela, ESTI 26; de dicho evento se dieron a conocer videos donde padres de familia reclamaban a las autoridades escolares e incluso, aventaron y patearon los nuevos libros de texto.<\/p>\n\n\n\n<p>&#8220;Asistieron padres de familia de muchas escuelas, nosotros como escuela y al ser un periodo de receso escolar convocamos a nuestros padres de segundo y tercero, que no pudieron asistir muchos. En esa convocatoria, la manifestaci\u00f3n como todo, medios de comunicaci\u00f3n, es respetable, pero quiero decir y quiero expresar que no eran los padres de la t\u00e9cnica 26 los que se estaban expresando, nuestros padres asistieron en menor n\u00famero&#8221;, aclar\u00f3 el docente.<\/p>\n\n\n\n<p>Vladimir Leines dijo que la discusi\u00f3n se bas\u00f3 en los libros de texto de educaci\u00f3n primaria; y que los libros de texto de educaci\u00f3n secundaria a\u00fan no son entregados a los alumnos, por lo que se\u00f1al\u00f3, la informaci\u00f3n que tienen es que ser\u00e1n entregados a mediados del mes de septiembre.<\/p>\n","protected":false},"excerpt":{"rendered":"<p>Alejandro \u00c1vila Veracruz, Ver.- El director de la Escuela Secundaria T\u00e9cnica Industrial (ESTI) n\u00famero 26, Vladimir Leines \u00c1vila, neg\u00f3 rotundamente que los padres de familia que violentaron el Foro sobre los Libros de Texto, hayan sido tutores de los alumnos de su plantel educativo. Cabe recordar que, el pasado 23 de agosto se realiz\u00f3 el [&hellip;]<\/p>\n","protected":false},"author":2476,"featured_media":45097,"comment_status":"open","ping_status":"open","sticky":false,"template":"","format":"standard","meta":{"_jetpack_memberships_contains_paid_content":false,"footnotes":""},"categories":[2],"tags":[],"class_list":["post-45096","post","type-post","status-publish","format-standard","has-post-thumbnail","hentry","category-estado"],"jetpack_featured_media_url":"https:\/\/encuentroinformativo.com.mx\/wp-content\/uploads\/2023\/09\/IMG-20230912-WA0035.jpg","jetpack_sharing_enabled":true,"jetpack_likes_enabled":true,"amp_enabled":true,"_links":{"self":[{"href":"https:\/\/encuentroinformativo.com.mx\/index.php?rest_route=\/wp\/v2\/posts\/45096","targetHints":{"allow":["GET"]}}],"collection":[{"href":"https:\/\/encuentroinformativo.com.mx\/index.php?rest_route=\/wp\/v2\/posts"}],"about":[{"href":"https:\/\/encuentroinformativo.com.mx\/index.php?rest_route=\/wp\/v2\/types\/post"}],"author":[{"embeddable":true,"href":"https:\/\/encuentroinformativo.com.mx\/index.php?rest_route=\/wp\/v2\/users\/2476"}],"replies":[{"embeddable":true,"href":"https:\/\/encuentroinformativo.com.mx\/index.php?rest_route=%2Fwp%2Fv2%2Fcomments&post=45096"}],"version-history":[{"count":1,"href":"https:\/\/encuentroinformativo.com.mx\/index.php?rest_route=\/wp\/v2\/posts\/45096\/revisions"}],"predecessor-version":[{"id":45098,"href":"https:\/\/encuentroinformativo.com.mx\/index.php?rest_route=\/wp\/v2\/posts\/45096\/revisions\/45098"}],"wp:featuredmedia":[{"embeddable":true,"href":"https:\/\/encuentroinformativo.com.mx\/index.php?rest_route=\/wp\/v2\/media\/45097"}],"wp:attachment":[{"href":"https:\/\/encuentroinformativo.com.mx\/index.php?rest_route=%2Fwp%2Fv2%2Fmedia&parent=45096"}],"wp:term":[{"taxonomy":"category","embeddable":true,"href":"https:\/\/encuentroinformativo.com.mx\/index.php?rest_route=%2Fwp%2Fv2%2Fcategories&post=45096"},{"taxonomy":"post_tag","embeddable":true,"href":"https:\/\/encuentroinformativo.com.mx\/index.php?rest_route=%2Fwp%2Fv2%2Ftags&post=45096"}],"curies":[{"name":"wp","href":"https:\/\/api.w.org\/{rel}","templated":true}]}}