{"id":45099,"date":"2023-09-12T12:39:03","date_gmt":"2023-09-12T18:39:03","guid":{"rendered":"https:\/\/encuentroinformativo.com.mx\/?p=45099"},"modified":"2023-09-12T12:39:08","modified_gmt":"2023-09-12T18:39:08","slug":"este-ano-van-29-dias-sin-homicidios-dolosos-en-veracruz","status":"publish","type":"post","link":"https:\/\/encuentroinformativo.com.mx\/?p=45099","title":{"rendered":"Este a\u00f1o van 29 d\u00edas sin homicidios dolosos en Veracruz"},"content":{"rendered":"\n<p>Xalapa, Ver.- Con corte al 11 de septiembre, este a\u00f1o la Coordinaci\u00f3n Estatal para la Construcci\u00f3n de la Paz contabiliza 29 d\u00edas en los que no se registr\u00f3 homicidio doloso en la entidad, mientras que a nivel nacional Veracruz ocupa el lugar 18 por cada 100 mil habitantes, seg\u00fan el Sistema Nacional de Seguridad P\u00fablica al 31 de julio.<\/p>\n\n\n\n<p>\u201cDespu\u00e9s de confirmar que de ayer a hoy no hubo homicidios, se inform\u00f3 de un caso de secuestro virtual que result\u00f3 en un mero enga\u00f1o telef\u00f3nico a un ni\u00f1o de 13 a\u00f1os; reiteramos la campa\u00f1a <em>\u00a1Cuelga!, es una extorsi\u00f3n<\/em>, para inhibir estos enga\u00f1os\u201d, public\u00f3 el gobernador Cuitl\u00e1huac Garc\u00eda Jim\u00e9nez en Facebook: https:\/\/n9.cl\/zegko.<\/p>\n\n\n\n<p>Asimismo, record\u00f3 la campa\u00f1a <em>No te juegues con las drogas<\/em>, invitando a la poblaci\u00f3n a denunciar al 089 la distribuci\u00f3n y venta de sustancias nocivas a la salud, pues su consumo termina \u00fanicamente en la c\u00e1rcel o la muerte.<\/p>\n","protected":false},"excerpt":{"rendered":"<p>Xalapa, Ver.- Con corte al 11 de septiembre, este a\u00f1o la Coordinaci\u00f3n Estatal para la Construcci\u00f3n de la Paz contabiliza 29 d\u00edas en los que no se registr\u00f3 homicidio doloso en la entidad, mientras que a nivel nacional Veracruz ocupa el lugar 18 por cada 100 mil habitantes, seg\u00fan el Sistema Nacional de Seguridad P\u00fablica [&hellip;]<\/p>\n","protected":false},"author":2476,"featured_media":21116,"comment_status":"open","ping_status":"open","sticky":false,"template":"","format":"standard","meta":{"_jetpack_memberships_contains_paid_content":false,"footnotes":""},"categories":[14],"tags":[],"class_list":["post-45099","post","type-post","status-publish","format-standard","has-post-thumbnail","hentry","category-policiaca"],"jetpack_featured_media_url":"https:\/\/encuentroinformativo.com.mx\/wp-content\/uploads\/2021\/12\/34850280-E224-451C-88B7-D6FCFD7217B0.jpeg","jetpack_sharing_enabled":true,"jetpack_likes_enabled":true,"amp_enabled":true,"_links":{"self":[{"href":"https:\/\/encuentroinformativo.com.mx\/index.php?rest_route=\/wp\/v2\/posts\/45099","targetHints":{"allow":["GET"]}}],"collection":[{"href":"https:\/\/encuentroinformativo.com.mx\/index.php?rest_route=\/wp\/v2\/posts"}],"about":[{"href":"https:\/\/encuentroinformativo.com.mx\/index.php?rest_route=\/wp\/v2\/types\/post"}],"author":[{"embeddable":true,"href":"https:\/\/encuentroinformativo.com.mx\/index.php?rest_route=\/wp\/v2\/users\/2476"}],"replies":[{"embeddable":true,"href":"https:\/\/encuentroinformativo.com.mx\/index.php?rest_route=%2Fwp%2Fv2%2Fcomments&post=45099"}],"version-history":[{"count":1,"href":"https:\/\/encuentroinformativo.com.mx\/index.php?rest_route=\/wp\/v2\/posts\/45099\/revisions"}],"predecessor-version":[{"id":45100,"href":"https:\/\/encuentroinformativo.com.mx\/index.php?rest_route=\/wp\/v2\/posts\/45099\/revisions\/45100"}],"wp:featuredmedia":[{"embeddable":true,"href":"https:\/\/encuentroinformativo.com.mx\/index.php?rest_route=\/wp\/v2\/media\/21116"}],"wp:attachment":[{"href":"https:\/\/encuentroinformativo.com.mx\/index.php?rest_route=%2Fwp%2Fv2%2Fmedia&parent=45099"}],"wp:term":[{"taxonomy":"category","embeddable":true,"href":"https:\/\/encuentroinformativo.com.mx\/index.php?rest_route=%2Fwp%2Fv2%2Fcategories&post=45099"},{"taxonomy":"post_tag","embeddable":true,"href":"https:\/\/encuentroinformativo.com.mx\/index.php?rest_route=%2Fwp%2Fv2%2Ftags&post=45099"}],"curies":[{"name":"wp","href":"https:\/\/api.w.org\/{rel}","templated":true}]}}