{"id":45106,"date":"2023-09-12T13:11:49","date_gmt":"2023-09-12T19:11:49","guid":{"rendered":"https:\/\/encuentroinformativo.com.mx\/?p=45106"},"modified":"2023-09-12T13:11:52","modified_gmt":"2023-09-12T19:11:52","slug":"promueven-hoteleros-proyecto-primeros-pasos-de-cortes-buscan-promocionar-region-de-zona-conurbada","status":"publish","type":"post","link":"https:\/\/encuentroinformativo.com.mx\/?p=45106","title":{"rendered":"Promueven hoteleros proyecto &#8220;Primeros Pasos de Cort\u00e9s&#8221;, buscan promocionar regi\u00f3n de zona conurbada"},"content":{"rendered":"\n<p><strong>Alejandro \u00c1vila<\/strong><\/p>\n\n\n\n<p>Boca del R\u00edo, Ver.- El pasado fin de semana inici\u00f3 un ambicioso proyecto por parte de los hoteleros de la zona conurbada Veracruz &#8211; Boca del R\u00edo, este es, iniciar con la promoci\u00f3n de la regi\u00f3n &#8220;Primeros Pasos de Cort\u00e9s&#8221; a nivel nacional.<\/p>\n\n\n\n<p>El primer punto fue el municipio de Boca del R\u00edo, donde hoteleros, restauranteros, prestadores de servicio y personal de la Secretar\u00eda de Turismo, colocaron quioscos de promoci\u00f3n de los atractivos de la mencionada regi\u00f3n; este proyecto continuar\u00e1 en diversos municipios de la entidad veracruzana y posteriormente se trasladar\u00e1 a nivel nacional.<\/p>\n\n\n\n<p>Cabe mencionar que, estas acciones se realizan con el recurso captado del impuesto del 2 por ciento al hospedaje, con lo que la Asociaci\u00f3n de Hoteles en conjunto con SECTUR plantean estas acciones de promoci\u00f3n para la captaci\u00f3n de turismo durante el resto del a\u00f1o.<\/p>\n\n\n\n<p>El punto culminante de esta extraordinaria jornada fue una muestra gastron\u00f3mica que deleit\u00f3 los paladares con una impresionante variedad de platillos t\u00edpicos; desde bu\u00f1uelos hasta el espagueti con camar\u00f3n y pulpo, la minilla de pescado, el arroz con camarones, el salpic\u00f3n de jaiba, los camarones enchilpayados, las tamalitos de elote, las carnitas, los camarones al ajillo, las empanadas de minilla, el ceviche de pescado, hasta los camarones empanizados y los camarones en pulpa enchilpayados.<\/p>\n\n\n\n<p>La noche culmin\u00f3 con la participaci\u00f3n de comparsas que son parte integral del Carnaval de Veracruz, sumando a\u00fan m\u00e1s color y vitalidad al evento.<\/p>\n\n\n\n<p>Entre los invitados que se unieron a esta celebraci\u00f3n estuvieron Santiago Caram\u00e9s, en representaci\u00f3n de la Asociaci\u00f3n de Hoteles; Daniel Vidal, destacado restaurantero; Leopoldo Dom\u00ednguez, Director de Desarrollo Social del Ayuntamiento de Boca del R\u00edo; Fernando Mayans Loyo, Subdirector de Turismo; y Lorenzo Montalvo, l\u00edder restaurantero.<\/p>\n","protected":false},"excerpt":{"rendered":"<p>Alejandro \u00c1vila Boca del R\u00edo, Ver.- El pasado fin de semana inici\u00f3 un ambicioso proyecto por parte de los hoteleros de la zona conurbada Veracruz &#8211; Boca del R\u00edo, este es, iniciar con la promoci\u00f3n de la regi\u00f3n &#8220;Primeros Pasos de Cort\u00e9s&#8221; a nivel nacional. El primer punto fue el municipio de Boca del R\u00edo, [&hellip;]<\/p>\n","protected":false},"author":2476,"featured_media":45107,"comment_status":"open","ping_status":"open","sticky":false,"template":"","format":"standard","meta":{"_jetpack_memberships_contains_paid_content":false,"footnotes":""},"categories":[2],"tags":[],"class_list":["post-45106","post","type-post","status-publish","format-standard","has-post-thumbnail","hentry","category-estado"],"jetpack_featured_media_url":"https:\/\/encuentroinformativo.com.mx\/wp-content\/uploads\/2023\/09\/IMG-20230912-WA0046.jpg","jetpack_sharing_enabled":true,"jetpack_likes_enabled":true,"amp_enabled":true,"_links":{"self":[{"href":"https:\/\/encuentroinformativo.com.mx\/index.php?rest_route=\/wp\/v2\/posts\/45106","targetHints":{"allow":["GET"]}}],"collection":[{"href":"https:\/\/encuentroinformativo.com.mx\/index.php?rest_route=\/wp\/v2\/posts"}],"about":[{"href":"https:\/\/encuentroinformativo.com.mx\/index.php?rest_route=\/wp\/v2\/types\/post"}],"author":[{"embeddable":true,"href":"https:\/\/encuentroinformativo.com.mx\/index.php?rest_route=\/wp\/v2\/users\/2476"}],"replies":[{"embeddable":true,"href":"https:\/\/encuentroinformativo.com.mx\/index.php?rest_route=%2Fwp%2Fv2%2Fcomments&post=45106"}],"version-history":[{"count":1,"href":"https:\/\/encuentroinformativo.com.mx\/index.php?rest_route=\/wp\/v2\/posts\/45106\/revisions"}],"predecessor-version":[{"id":45108,"href":"https:\/\/encuentroinformativo.com.mx\/index.php?rest_route=\/wp\/v2\/posts\/45106\/revisions\/45108"}],"wp:featuredmedia":[{"embeddable":true,"href":"https:\/\/encuentroinformativo.com.mx\/index.php?rest_route=\/wp\/v2\/media\/45107"}],"wp:attachment":[{"href":"https:\/\/encuentroinformativo.com.mx\/index.php?rest_route=%2Fwp%2Fv2%2Fmedia&parent=45106"}],"wp:term":[{"taxonomy":"category","embeddable":true,"href":"https:\/\/encuentroinformativo.com.mx\/index.php?rest_route=%2Fwp%2Fv2%2Fcategories&post=45106"},{"taxonomy":"post_tag","embeddable":true,"href":"https:\/\/encuentroinformativo.com.mx\/index.php?rest_route=%2Fwp%2Fv2%2Ftags&post=45106"}],"curies":[{"name":"wp","href":"https:\/\/api.w.org\/{rel}","templated":true}]}}