{"id":45109,"date":"2023-09-12T13:36:42","date_gmt":"2023-09-12T19:36:42","guid":{"rendered":"https:\/\/encuentroinformativo.com.mx\/?p=45109"},"modified":"2023-09-12T13:36:46","modified_gmt":"2023-09-12T19:36:46","slug":"desestima-poder-judicial-carta-de-la-onu-que-acusa-falta-de-autonomia","status":"publish","type":"post","link":"https:\/\/encuentroinformativo.com.mx\/?p=45109","title":{"rendered":"Desestima Poder Judicial carta de la ONU que acusa falta de autonom\u00eda"},"content":{"rendered":"\n<p><strong>Dar\u00edo Pale <\/strong><\/p>\n\n\n\n<p>Xalapa, Ver.- La carta que redact\u00f3 la relatora de las Naciones Unidas, Margaret Satterthwaite, est\u00e1 sustentada en meras manifestaciones subjetivas, as\u00ed lo dio a conocer la magistrada presidenta del Tribunal Superior de Justicia, Lisbeth Aurelia Jim\u00e9nez Aguirre.<\/p>\n\n\n\n<p>En entrevista, luego de rendir guardia de honor ante el monumento a Miguel Hidalgo, consider\u00f3 que hay que ser prudentes en relaci\u00f3n a lo que manifest\u00f3 la funcionaria de la ONU al se\u00f1alar la falta de autonom\u00eda de dicha soberan\u00eda.<\/p>\n\n\n\n<p>Afirm\u00f3 que no ha sido notificada de manera oficial por parte de la ONU o de la Relatora, &#8220;esa carta que est\u00e1 en internet est\u00e1 sustentada en meras manifestaciones subjetivas de una persona&#8221;.\u00a0<\/p>\n\n\n\n<p>&#8220;Yo creo que todos tenemos derecho a ser o\u00eddos, escuchados y dem\u00e1s, entonces yo no me atrever\u00eda a decir s\u00ed, no, as\u00ed es o no es, lo que yo les puedo garantizar con firmeza que el Poder Judicial es aut\u00f3nomo. Creo que ha ha habido mucha confusi\u00f3n en ese sentido&#8221;, expres\u00f3.<\/p>\n\n\n\n<p>Agreg\u00f3 que una cosa es la coordinaci\u00f3n y, otra, la subordinaci\u00f3n, por lo que sostuvo que los jueces del Estado conforme a Derecho.<\/p>\n\n\n\n<p>Sostuvo que todo lo que un juez resuelve en Veracruz se hace con base en lo que se desahoga en una audiencia.<\/p>\n\n\n\n<p>&#8220;Est\u00e1 en Internet, se hace con base en manifestaciones de una persona que est\u00e1 sujeta a corroboraci\u00f3n, a probarse, tenemos que ser muy cuidadosos con ello&#8221;, indic\u00f3.<\/p>\n\n\n\n<p>En relaci\u00f3n al caso de la jueza Angelica S\u00e1nchez, dijo que sigue vigente la orden de aprehensi\u00f3n y, por lo tanto, dijo que no se atrever\u00eda a hablar de inocencia o de culpabilidad.<\/p>\n\n\n\n<p>&#8220;Estamos todav\u00eda en el tema de la orden de aprehensi\u00f3n, entonces hay que ser cuidadosos en ese tema, se va a reponer la audiencia inicial, pero estamos en los tiempos legales para que se resuelva el amparo&#8221;, asever\u00f3.<\/p>\n\n\n\n<p>Record\u00f3 que hizo declaraciones por las suspensiones que se otorgaron a presuntos secuestradores, pederastas, entre otros.<\/p>\n\n\n\n<p>En ese sentido, dijo que despu\u00e9s de haber hecho esas declaraciones y llamados, el Poder Judicial Federal se ha &#8220;moderado&#8221; porque ya se precisa la prisi\u00f3n preventiva oficiosa y no meten en la misma bolsa la prisi\u00f3n preventiva justificada.<\/p>\n\n\n\n<p>Record\u00f3 que la Corte Interamericana de Derechos Humanos defini\u00f3 que la prisi\u00f3n preventiva justificada es viable en determinados casos, para proteger a la v\u00edctima o a los testigos.<\/p>\n\n\n\n<p>&#8220;Creo que por parte de los jueces federales ha habido una cierta moderaci\u00f3n en ese sentido. Yo creo que s\u00ed (sirvieron las notas en medios)&#8221;, consider\u00f3.<\/p>\n\n\n\n<p>Por \u00faltimo la togada dijo que s\u00ed han continuado emiti\u00e9ndose amparos, pero para otras cuestiones, no por delitos graves.<\/p>\n","protected":false},"excerpt":{"rendered":"<p>Dar\u00edo Pale Xalapa, Ver.- La carta que redact\u00f3 la relatora de las Naciones Unidas, Margaret Satterthwaite, est\u00e1 sustentada en meras manifestaciones subjetivas, as\u00ed lo dio a conocer la magistrada presidenta del Tribunal Superior de Justicia, Lisbeth Aurelia Jim\u00e9nez Aguirre. En entrevista, luego de rendir guardia de honor ante el monumento a Miguel Hidalgo, consider\u00f3 que [&hellip;]<\/p>\n","protected":false},"author":2476,"featured_media":45110,"comment_status":"open","ping_status":"open","sticky":false,"template":"","format":"standard","meta":{"_jetpack_memberships_contains_paid_content":false,"footnotes":""},"categories":[2],"tags":[],"class_list":["post-45109","post","type-post","status-publish","format-standard","has-post-thumbnail","hentry","category-estado"],"jetpack_featured_media_url":"https:\/\/encuentroinformativo.com.mx\/wp-content\/uploads\/2023\/09\/IMG-20230912-WA00452.jpg","jetpack_sharing_enabled":true,"jetpack_likes_enabled":true,"amp_enabled":true,"_links":{"self":[{"href":"https:\/\/encuentroinformativo.com.mx\/index.php?rest_route=\/wp\/v2\/posts\/45109","targetHints":{"allow":["GET"]}}],"collection":[{"href":"https:\/\/encuentroinformativo.com.mx\/index.php?rest_route=\/wp\/v2\/posts"}],"about":[{"href":"https:\/\/encuentroinformativo.com.mx\/index.php?rest_route=\/wp\/v2\/types\/post"}],"author":[{"embeddable":true,"href":"https:\/\/encuentroinformativo.com.mx\/index.php?rest_route=\/wp\/v2\/users\/2476"}],"replies":[{"embeddable":true,"href":"https:\/\/encuentroinformativo.com.mx\/index.php?rest_route=%2Fwp%2Fv2%2Fcomments&post=45109"}],"version-history":[{"count":1,"href":"https:\/\/encuentroinformativo.com.mx\/index.php?rest_route=\/wp\/v2\/posts\/45109\/revisions"}],"predecessor-version":[{"id":45111,"href":"https:\/\/encuentroinformativo.com.mx\/index.php?rest_route=\/wp\/v2\/posts\/45109\/revisions\/45111"}],"wp:featuredmedia":[{"embeddable":true,"href":"https:\/\/encuentroinformativo.com.mx\/index.php?rest_route=\/wp\/v2\/media\/45110"}],"wp:attachment":[{"href":"https:\/\/encuentroinformativo.com.mx\/index.php?rest_route=%2Fwp%2Fv2%2Fmedia&parent=45109"}],"wp:term":[{"taxonomy":"category","embeddable":true,"href":"https:\/\/encuentroinformativo.com.mx\/index.php?rest_route=%2Fwp%2Fv2%2Fcategories&post=45109"},{"taxonomy":"post_tag","embeddable":true,"href":"https:\/\/encuentroinformativo.com.mx\/index.php?rest_route=%2Fwp%2Fv2%2Ftags&post=45109"}],"curies":[{"name":"wp","href":"https:\/\/api.w.org\/{rel}","templated":true}]}}