{"id":45115,"date":"2023-09-12T15:08:13","date_gmt":"2023-09-12T21:08:13","guid":{"rendered":"https:\/\/encuentroinformativo.com.mx\/?p=45115"},"modified":"2023-09-12T15:08:16","modified_gmt":"2023-09-12T21:08:16","slug":"retira-diputado-apoyo-a-marcelo-ebrard","status":"publish","type":"post","link":"https:\/\/encuentroinformativo.com.mx\/?p=45115","title":{"rendered":"Retira diputado apoyo a Marcelo Ebrard"},"content":{"rendered":"\n<p><strong>Dar\u00edo Pale <\/strong><\/p>\n\n\n\n<p>Xalapa, Ver.- El diputado local Antonio Luna Rosales reconoci\u00f3 que el proceso de encuestas realizado por Morena present\u00f3 inconsistencias y errores, mismos por los que Marcelo Ebrard impugn\u00f3 el resultado que favoreci\u00f3 a Claudia Sheinbaum.<\/p>\n\n\n\n<p>En conferencia de prensa acompa\u00f1ado de un grupo de ciudadanos veracruzanos que respaldaba las aspiraciones presidenciales de Marcelo Ebrard retir\u00f3 su apoyo al excanciller y le pidi\u00f3 recapacitar ante su posible salida del partido pol\u00edtico, luego de no ser electo como Coordinador Nacional de Defensa de la Cuarta Transformaci\u00f3n.<\/p>\n\n\n\n<p>Sin embargo, fij\u00f3 su postura al se\u00f1alar que no hubo dedazo y s\u00ed el principio de una decisi\u00f3n basada en la voluntad del pueblo de M\u00e9xico, por lo que llam\u00f3 a la reflexi\u00f3n, as\u00ed como a tener una visi\u00f3n clara del objetivo principal que es la elecci\u00f3n de 2024.<\/p>\n\n\n\n<p>En ese sentido, el legislador morenista afirm\u00f3 que tanto en M\u00e9xico como Veracruz &#8220;es tiempo de mujeres&#8221;, se\u00f1alando que a partir de ahora apoyar\u00e1n a la inminente candidata presidencial de Morena.<\/p>\n\n\n\n<p>Finalmente y tras ser cuestionado sobre su futuro, Antonio Luna no confirm\u00f3 pero tampoco descart\u00f3 su intenci\u00f3n de buscar un nuevo cargo de elecci\u00f3n popular en las pr\u00f3ximas elecciones.<\/p>\n","protected":false},"excerpt":{"rendered":"<p>Dar\u00edo Pale Xalapa, Ver.- El diputado local Antonio Luna Rosales reconoci\u00f3 que el proceso de encuestas realizado por Morena present\u00f3 inconsistencias y errores, mismos por los que Marcelo Ebrard impugn\u00f3 el resultado que favoreci\u00f3 a Claudia Sheinbaum. En conferencia de prensa acompa\u00f1ado de un grupo de ciudadanos veracruzanos que respaldaba las aspiraciones presidenciales de Marcelo [&hellip;]<\/p>\n","protected":false},"author":2476,"featured_media":45116,"comment_status":"open","ping_status":"open","sticky":false,"template":"","format":"standard","meta":{"_jetpack_memberships_contains_paid_content":false,"footnotes":""},"categories":[2],"tags":[],"class_list":["post-45115","post","type-post","status-publish","format-standard","has-post-thumbnail","hentry","category-estado"],"jetpack_featured_media_url":"https:\/\/encuentroinformativo.com.mx\/wp-content\/uploads\/2023\/09\/IMG-20230912-WA0039.jpg","jetpack_sharing_enabled":true,"jetpack_likes_enabled":true,"amp_enabled":true,"_links":{"self":[{"href":"https:\/\/encuentroinformativo.com.mx\/index.php?rest_route=\/wp\/v2\/posts\/45115","targetHints":{"allow":["GET"]}}],"collection":[{"href":"https:\/\/encuentroinformativo.com.mx\/index.php?rest_route=\/wp\/v2\/posts"}],"about":[{"href":"https:\/\/encuentroinformativo.com.mx\/index.php?rest_route=\/wp\/v2\/types\/post"}],"author":[{"embeddable":true,"href":"https:\/\/encuentroinformativo.com.mx\/index.php?rest_route=\/wp\/v2\/users\/2476"}],"replies":[{"embeddable":true,"href":"https:\/\/encuentroinformativo.com.mx\/index.php?rest_route=%2Fwp%2Fv2%2Fcomments&post=45115"}],"version-history":[{"count":1,"href":"https:\/\/encuentroinformativo.com.mx\/index.php?rest_route=\/wp\/v2\/posts\/45115\/revisions"}],"predecessor-version":[{"id":45117,"href":"https:\/\/encuentroinformativo.com.mx\/index.php?rest_route=\/wp\/v2\/posts\/45115\/revisions\/45117"}],"wp:featuredmedia":[{"embeddable":true,"href":"https:\/\/encuentroinformativo.com.mx\/index.php?rest_route=\/wp\/v2\/media\/45116"}],"wp:attachment":[{"href":"https:\/\/encuentroinformativo.com.mx\/index.php?rest_route=%2Fwp%2Fv2%2Fmedia&parent=45115"}],"wp:term":[{"taxonomy":"category","embeddable":true,"href":"https:\/\/encuentroinformativo.com.mx\/index.php?rest_route=%2Fwp%2Fv2%2Fcategories&post=45115"},{"taxonomy":"post_tag","embeddable":true,"href":"https:\/\/encuentroinformativo.com.mx\/index.php?rest_route=%2Fwp%2Fv2%2Ftags&post=45115"}],"curies":[{"name":"wp","href":"https:\/\/api.w.org\/{rel}","templated":true}]}}