{"id":45118,"date":"2023-09-12T15:14:27","date_gmt":"2023-09-12T21:14:27","guid":{"rendered":"https:\/\/encuentroinformativo.com.mx\/?p=45118"},"modified":"2023-09-12T15:14:35","modified_gmt":"2023-09-12T21:14:35","slug":"docentes-reprobaron-lengua-indigena-no-han-concluido-sus-estudios-acusa-sev","status":"publish","type":"post","link":"https:\/\/encuentroinformativo.com.mx\/?p=45118","title":{"rendered":"Docentes reprobaron lengua ind\u00edgena; no han concluido sus estudios, acusa SEV"},"content":{"rendered":"\n<p><strong>Dar\u00edo Pale <\/strong><\/p>\n\n\n\n<p>Xalapa, Ver.- Docentes ind\u00edgenas inconformes reprobaron lengua ind\u00edgena, llevaban 7 a\u00f1os prorrogando la conclusi\u00f3n de sus estudios, no tienen perfil de maestro, as\u00ed lo dio a conocer el titular de la secretar\u00eda de Educaci\u00f3n, Zenyazen Escobar Garc\u00eda,\u00a0<\/p>\n\n\n\n<p>En entrevista defini\u00f3 que se abrir\u00e1 una investigaci\u00f3n en el caso de los docentes de lengua ind\u00edgena Indigena, no obstante resalt\u00f3 que muchos de los inconformes ven\u00edan prorrogando la entrega de sus t\u00edtulos desde hace siete a\u00f1os.<\/p>\n\n\n\n<p>Detall\u00f3 que eran casi 698 docentes que ten\u00edan una clave de docentes ind\u00edgenas, pero dijo que no pueden permitir que haya educaci\u00f3n de primera y de segunda.<\/p>\n\n\n\n<p>&#8220;Muchos de estos compa\u00f1eros ven\u00edan prorrogando porque no han terminado su carrera, porque no han terminado sus estudios en el nivel de licenciatura, en el nivel de Normal Superior&#8221;, se\u00f1al\u00f3.<\/p>\n\n\n\n<p>&#8220;Est\u00e1n dando clases en zonas ind\u00edgenas sin tener terminada su carrera, entonces hay molestia, obvio. Dicen me quitaron mi zona de adscripci\u00f3n, pero ten\u00edan 7 a\u00f1os cubriendo una plaza de maestro sin tener el perfil de maestro&#8221;, agreg\u00f3.<\/p>\n\n\n\n<p>Escobar Garc\u00eda mencion\u00f3 que han sido pacientes y los hab\u00edan venido prorrogando, pero reiter\u00f3 que no permitir\u00e1n que sigan as\u00ed.<\/p>\n\n\n\n<p>Agreg\u00f3 que se les hizo una evaluaci\u00f3n sobre la lengua que deb\u00edan hablar y muchos reprobaron, ah\u00ed enfatiz\u00f3 que no es que deban llegar a las zonas ind\u00edgenas a castellanizar a los estudiantes.<\/p>\n\n\n\n<p>&#8220;Sino que vaya un desarollo integral en su propia lengua ind\u00edgena y que a la par ense\u00f1en el espa\u00f1ol, pero no que lleguen a castellanizarlos&#8221;, abund\u00f3.<br>El Secretario detall\u00f3 que son en total 78 profesores a los que no se les renovaron sus contratos.<\/p>\n\n\n\n<p>Afirm\u00f3 que ya hubo un acuerdo con la Secci\u00f3n 32 del SNTE para solucionar esta situaci\u00f3n y al respecto sostuvo que ya se entregaron adscripciones a los nuevos docentes, no es verdad que no haya clases.<\/p>\n","protected":false},"excerpt":{"rendered":"<p>Dar\u00edo Pale Xalapa, Ver.- Docentes ind\u00edgenas inconformes reprobaron lengua ind\u00edgena, llevaban 7 a\u00f1os prorrogando la conclusi\u00f3n de sus estudios, no tienen perfil de maestro, as\u00ed lo dio a conocer el titular de la secretar\u00eda de Educaci\u00f3n, Zenyazen Escobar Garc\u00eda,\u00a0 En entrevista defini\u00f3 que se abrir\u00e1 una investigaci\u00f3n en el caso de los docentes de lengua [&hellip;]<\/p>\n","protected":false},"author":2476,"featured_media":45018,"comment_status":"open","ping_status":"open","sticky":false,"template":"","format":"standard","meta":{"_jetpack_memberships_contains_paid_content":false,"footnotes":""},"categories":[2],"tags":[],"class_list":["post-45118","post","type-post","status-publish","format-standard","has-post-thumbnail","hentry","category-estado"],"jetpack_featured_media_url":"https:\/\/encuentroinformativo.com.mx\/wp-content\/uploads\/2023\/09\/IMG-20230911-WA0032.jpg","jetpack_sharing_enabled":true,"jetpack_likes_enabled":true,"amp_enabled":true,"_links":{"self":[{"href":"https:\/\/encuentroinformativo.com.mx\/index.php?rest_route=\/wp\/v2\/posts\/45118","targetHints":{"allow":["GET"]}}],"collection":[{"href":"https:\/\/encuentroinformativo.com.mx\/index.php?rest_route=\/wp\/v2\/posts"}],"about":[{"href":"https:\/\/encuentroinformativo.com.mx\/index.php?rest_route=\/wp\/v2\/types\/post"}],"author":[{"embeddable":true,"href":"https:\/\/encuentroinformativo.com.mx\/index.php?rest_route=\/wp\/v2\/users\/2476"}],"replies":[{"embeddable":true,"href":"https:\/\/encuentroinformativo.com.mx\/index.php?rest_route=%2Fwp%2Fv2%2Fcomments&post=45118"}],"version-history":[{"count":1,"href":"https:\/\/encuentroinformativo.com.mx\/index.php?rest_route=\/wp\/v2\/posts\/45118\/revisions"}],"predecessor-version":[{"id":45119,"href":"https:\/\/encuentroinformativo.com.mx\/index.php?rest_route=\/wp\/v2\/posts\/45118\/revisions\/45119"}],"wp:featuredmedia":[{"embeddable":true,"href":"https:\/\/encuentroinformativo.com.mx\/index.php?rest_route=\/wp\/v2\/media\/45018"}],"wp:attachment":[{"href":"https:\/\/encuentroinformativo.com.mx\/index.php?rest_route=%2Fwp%2Fv2%2Fmedia&parent=45118"}],"wp:term":[{"taxonomy":"category","embeddable":true,"href":"https:\/\/encuentroinformativo.com.mx\/index.php?rest_route=%2Fwp%2Fv2%2Fcategories&post=45118"},{"taxonomy":"post_tag","embeddable":true,"href":"https:\/\/encuentroinformativo.com.mx\/index.php?rest_route=%2Fwp%2Fv2%2Ftags&post=45118"}],"curies":[{"name":"wp","href":"https:\/\/api.w.org\/{rel}","templated":true}]}}