{"id":45120,"date":"2023-09-12T16:25:53","date_gmt":"2023-09-12T22:25:53","guid":{"rendered":"https:\/\/encuentroinformativo.com.mx\/?p=45120"},"modified":"2023-09-12T16:25:57","modified_gmt":"2023-09-12T22:25:57","slug":"confirman-suspension-de-clases-para-viernes-15","status":"publish","type":"post","link":"https:\/\/encuentroinformativo.com.mx\/?p=45120","title":{"rendered":"Confirman suspensi\u00f3n de clases para viernes 15"},"content":{"rendered":"\n<p><strong>Juan Arcos <\/strong><\/p>\n\n\n\n<p>Xalapa, Ver.- En el estado de Veracruz no habr\u00e1 clases el pr\u00f3ximo 15 de septiembre, D\u00eda del Grito de Independencia, confirm\u00f3 el titular de la Secretar\u00eda de Educaci\u00f3n de Veracruz (SEV), Zenyazen Escobar Garc\u00eda.<\/p>\n\n\n\n<p>El funcionario estatal dio a conocer que se tom\u00f3 dicha decisi\u00f3n debido a que se realizar\u00e1n reuniones sindicales en las escuelas de educaci\u00f3n b\u00e1sica, media superior y superior.<\/p>\n\n\n\n<p>\u201cLas organizaciones sindicales magisteriales van a tener reuniones de delegaciones en todo el estado y lo organizaron el 15 de septiembre y en ese sentido estar\u00e1n realizando sus eventos\u201d, expres\u00f3.<\/p>\n\n\n\n<p>El Secretariado de Educaci\u00f3n aclar\u00f3 que la suspensi\u00f3n de actividades est\u00e1 dentro del marco legal y es parte de los derechos de los trabajadores.<\/p>\n\n\n\n<p>Adem\u00e1s, record\u00f3 que en el nivel de educaci\u00f3n b\u00e1sica hay 58 organizaciones sindicales que confirmaron la realizaci\u00f3n de sus reuniones en toda la entidad veracruzana.El pr\u00f3ximo viernes 15 de septiembre no es considerado como festivo en el calendario oficial de la Secretar\u00eda de Educaci\u00f3n P\u00fablica (SEP).<\/p>\n\n\n\n<p>No obstante, las organizaciones sindicales notificaron con antelaci\u00f3n que suspender\u00edan clases ese d\u00eda para llevar a cabo sus reuniones delegacionales.<\/p>\n","protected":false},"excerpt":{"rendered":"<p>Juan Arcos Xalapa, Ver.- En el estado de Veracruz no habr\u00e1 clases el pr\u00f3ximo 15 de septiembre, D\u00eda del Grito de Independencia, confirm\u00f3 el titular de la Secretar\u00eda de Educaci\u00f3n de Veracruz (SEV), Zenyazen Escobar Garc\u00eda. El funcionario estatal dio a conocer que se tom\u00f3 dicha decisi\u00f3n debido a que se realizar\u00e1n reuniones sindicales en [&hellip;]<\/p>\n","protected":false},"author":2476,"featured_media":45121,"comment_status":"open","ping_status":"open","sticky":false,"template":"","format":"standard","meta":{"_jetpack_memberships_contains_paid_content":false,"footnotes":""},"categories":[2],"tags":[],"class_list":["post-45120","post","type-post","status-publish","format-standard","has-post-thumbnail","hentry","category-estado"],"jetpack_featured_media_url":"https:\/\/encuentroinformativo.com.mx\/wp-content\/uploads\/2023\/09\/45c716df-d037-4059-abae-1a64d38aa0b7.jpg","jetpack_sharing_enabled":true,"jetpack_likes_enabled":true,"amp_enabled":true,"_links":{"self":[{"href":"https:\/\/encuentroinformativo.com.mx\/index.php?rest_route=\/wp\/v2\/posts\/45120","targetHints":{"allow":["GET"]}}],"collection":[{"href":"https:\/\/encuentroinformativo.com.mx\/index.php?rest_route=\/wp\/v2\/posts"}],"about":[{"href":"https:\/\/encuentroinformativo.com.mx\/index.php?rest_route=\/wp\/v2\/types\/post"}],"author":[{"embeddable":true,"href":"https:\/\/encuentroinformativo.com.mx\/index.php?rest_route=\/wp\/v2\/users\/2476"}],"replies":[{"embeddable":true,"href":"https:\/\/encuentroinformativo.com.mx\/index.php?rest_route=%2Fwp%2Fv2%2Fcomments&post=45120"}],"version-history":[{"count":1,"href":"https:\/\/encuentroinformativo.com.mx\/index.php?rest_route=\/wp\/v2\/posts\/45120\/revisions"}],"predecessor-version":[{"id":45122,"href":"https:\/\/encuentroinformativo.com.mx\/index.php?rest_route=\/wp\/v2\/posts\/45120\/revisions\/45122"}],"wp:featuredmedia":[{"embeddable":true,"href":"https:\/\/encuentroinformativo.com.mx\/index.php?rest_route=\/wp\/v2\/media\/45121"}],"wp:attachment":[{"href":"https:\/\/encuentroinformativo.com.mx\/index.php?rest_route=%2Fwp%2Fv2%2Fmedia&parent=45120"}],"wp:term":[{"taxonomy":"category","embeddable":true,"href":"https:\/\/encuentroinformativo.com.mx\/index.php?rest_route=%2Fwp%2Fv2%2Fcategories&post=45120"},{"taxonomy":"post_tag","embeddable":true,"href":"https:\/\/encuentroinformativo.com.mx\/index.php?rest_route=%2Fwp%2Fv2%2Ftags&post=45120"}],"curies":[{"name":"wp","href":"https:\/\/api.w.org\/{rel}","templated":true}]}}