{"id":45136,"date":"2023-09-13T09:36:09","date_gmt":"2023-09-13T15:36:09","guid":{"rendered":"https:\/\/encuentroinformativo.com.mx\/?p=45136"},"modified":"2023-09-13T09:36:12","modified_gmt":"2023-09-13T15:36:12","slug":"se-desmantela-cuic","status":"publish","type":"post","link":"https:\/\/encuentroinformativo.com.mx\/?p=45136","title":{"rendered":"SE DESMANTELA CUIC!"},"content":{"rendered":"\n<p><strong>Los Pol\u00edticos<\/strong><\/p>\n\n\n\n<p><strong>Salvador Mu\u00f1oz<\/strong><br><\/p>\n\n\n\n<p>Cuentan que todos los cambios, a\u00fan los m\u00e1s ansiados, traen consigo un poco de caos\u2026 as\u00ed se vive una mudanza, comprar un carro nuevo, casamiento o divorcio, y hasta la mentada alternancia en nuestros gobiernos.<\/p>\n\n\n\n<p>Cu\u00e1ntos ciudadanos no esperaron con tanta ilusi\u00f3n y esperanza, al menos en Veracruz, que el PRI dejara el poder\u2026 y lleg\u00f3 por dos a\u00f1os el PAN\u2026 y luego Morena\u2026<\/p>\n\n\n\n<p>Hoy, un sector en nuestra sociedad espera que el tiempo pase volando y por fin acabe el gobierno de Cuitl\u00e1huac Garc\u00eda Jim\u00e9nez, que dicho sea de paso, deja mucho que desear\u2026<\/p>\n\n\n\n<p>\u00bfPues qu\u00e9 creen? Que as\u00ed como se vislumbran las cosas, en una de \u00e9sas, el Gobierno de Cuitl\u00e1huac Garc\u00eda no llega al 2024 pues a como andan de querendones muchos de sus secretarios, administrativos y dem\u00e1s entes, se desmantela toda la estructura. Miren si no:<\/p>\n\n\n\n<p>El secretario de Finanzas, Jos\u00e9 Luis Lima Franco tiene un pie afuera de sus oficinas en sus ansias de matador para ir en pos de una diputaci\u00f3n federal\u2026<\/p>\n\n\n\n<p>Por si fuera poco, hay quienes aseguran que el subsecretario Eleazar Guerrero tambi\u00e9n podr\u00eda alzar la mano por una curul local y entonces Sefiplan se quedar\u00eda sin las estrellas de las finanzas del gobierno morenista.<\/p>\n\n\n\n<p>Y si cree que es la \u00fanica dependencia donde el 1 y 2 andan alborotados, ah\u00ed est\u00e1 la SEV, donde el titular Zenyazen Escobar no deja de apuntar a un esca\u00f1o o curul federal, porque no crean que se sacrificar\u00eda por la causa para buscar una curul en el Palacio de Encanto.<\/p>\n\n\n\n<p>A la 2 de la SEV, Ariadna Selene Aguilar Amaya le late su corazoncito y si bien apunta igual a la C\u00e1mara Alta, ya lo que caiga igual puede ser bueno, sea en San L\u00e1zaro o tambi\u00e9n en el Palacio de Encanto.<\/p>\n\n\n\n<p>A la secretaria del Trabajo, Dorheny Garc\u00eda Cayetano, ya la apuntan para el Senado que igual en una curul local\u2026<\/p>\n\n\n\n<p>El de Sedesol, Guillermo Fern\u00e1ndez S\u00e1nchez, podr\u00eda buscar una curul, sea federal o local\u2026<br>Juan Carlos Contreras Bautista, de Sedema, est\u00e1 apuntado para una curul local y si se descuidan, en el 2025 alza la mano.<\/p>\n\n\n\n<p>Por ah\u00ed est\u00e1 Sergio Rodr\u00edguez Cort\u00e9s, Procurador del Medio Ambiente, de los que para tantear el agua a los camotes, buscar\u00eda la curul local con la idea de buscar al a\u00f1o siguiente, la alcald\u00eda que su hermano tiene.<\/p>\n\n\n\n<p>Iv\u00e1n Joseph Luna Landa es otro que le echa ojitos a una curul en el Congreso local\u2026<\/p>\n\n\n\n<p>En Salud, Jorge Sisniega Fern\u00e1ndez, Director Administrativo, tiene la mira puesta en una curul local\u2026<\/p>\n\n\n\n<p>En la SIOP, Fernando El\u00edas Guevara podr\u00eda buscar la local porque la federal lleva mano Lima Franco.<br>Y para una curul jarocha, est\u00e1 el \u201cVilchis Moso\u201d Regi\u00f3n 4, Luis Alberto Casas, director de Comunicaci\u00f3n Institucional del Gobierno de Veracruz.<\/p>\n\n\n\n<p>Por si fuera poco, tambi\u00e9n el secretario de Gobierno, Bola 8, Eric Cisneros Burgos, podr\u00eda contender, primero, tir\u00e1ndole arriba, por la Gubernatura para esperar una curul federal, lo que de plano dejar\u00eda sin \u201cGobernador alterno\u201d a Veracruz.<\/p>\n\n\n\n<p>Ah, y est\u00e1 en veremos si Cuitl\u00e1huac antes de fin de este a\u00f1o decide irse a \u201ccoordinar\u201d la campa\u00f1a de Claudia Sheinbaum\u2026<\/p>\n\n\n\n<p>Si ya de por s\u00ed el Gobierno de Cuitl\u00e1huac es un caos, ahora si lo desmantelan con \u00a0las ganas de muchos por seguir \u201csirviendo al Pueblo\u201d, \u00a1va a estar cabr\u00f3n!<\/p>\n","protected":false},"excerpt":{"rendered":"<p>Los Pol\u00edticos Salvador Mu\u00f1oz Cuentan que todos los cambios, a\u00fan los m\u00e1s ansiados, traen consigo un poco de caos\u2026 as\u00ed se vive una mudanza, comprar un carro nuevo, casamiento o divorcio, y hasta la mentada alternancia en nuestros gobiernos. Cu\u00e1ntos ciudadanos no esperaron con tanta ilusi\u00f3n y esperanza, al menos en Veracruz, que el PRI [&hellip;]<\/p>\n","protected":false},"author":2476,"featured_media":387,"comment_status":"open","ping_status":"open","sticky":false,"template":"","format":"standard","meta":{"_jetpack_memberships_contains_paid_content":false,"footnotes":""},"categories":[11],"tags":[],"class_list":["post-45136","post","type-post","status-publish","format-standard","has-post-thumbnail","hentry","category-opinion"],"jetpack_featured_media_url":"https:\/\/encuentroinformativo.com.mx\/wp-content\/uploads\/2020\/03\/7CF8A22B-2764-47BE-8F7F-38FE9E5D6A2F.jpeg","jetpack_sharing_enabled":true,"jetpack_likes_enabled":true,"amp_enabled":true,"_links":{"self":[{"href":"https:\/\/encuentroinformativo.com.mx\/index.php?rest_route=\/wp\/v2\/posts\/45136","targetHints":{"allow":["GET"]}}],"collection":[{"href":"https:\/\/encuentroinformativo.com.mx\/index.php?rest_route=\/wp\/v2\/posts"}],"about":[{"href":"https:\/\/encuentroinformativo.com.mx\/index.php?rest_route=\/wp\/v2\/types\/post"}],"author":[{"embeddable":true,"href":"https:\/\/encuentroinformativo.com.mx\/index.php?rest_route=\/wp\/v2\/users\/2476"}],"replies":[{"embeddable":true,"href":"https:\/\/encuentroinformativo.com.mx\/index.php?rest_route=%2Fwp%2Fv2%2Fcomments&post=45136"}],"version-history":[{"count":1,"href":"https:\/\/encuentroinformativo.com.mx\/index.php?rest_route=\/wp\/v2\/posts\/45136\/revisions"}],"predecessor-version":[{"id":45137,"href":"https:\/\/encuentroinformativo.com.mx\/index.php?rest_route=\/wp\/v2\/posts\/45136\/revisions\/45137"}],"wp:featuredmedia":[{"embeddable":true,"href":"https:\/\/encuentroinformativo.com.mx\/index.php?rest_route=\/wp\/v2\/media\/387"}],"wp:attachment":[{"href":"https:\/\/encuentroinformativo.com.mx\/index.php?rest_route=%2Fwp%2Fv2%2Fmedia&parent=45136"}],"wp:term":[{"taxonomy":"category","embeddable":true,"href":"https:\/\/encuentroinformativo.com.mx\/index.php?rest_route=%2Fwp%2Fv2%2Fcategories&post=45136"},{"taxonomy":"post_tag","embeddable":true,"href":"https:\/\/encuentroinformativo.com.mx\/index.php?rest_route=%2Fwp%2Fv2%2Ftags&post=45136"}],"curies":[{"name":"wp","href":"https:\/\/api.w.org\/{rel}","templated":true}]}}