{"id":45147,"date":"2023-09-13T09:03:47","date_gmt":"2023-09-13T15:03:47","guid":{"rendered":"https:\/\/encuentroinformativo.com.mx\/?p=45147"},"modified":"2023-09-13T11:06:59","modified_gmt":"2023-09-13T17:06:59","slug":"massive-caller-pone-a-julen-rementeria-como-principal-activo-para-encabezar-la-oposicion","status":"publish","type":"post","link":"https:\/\/encuentroinformativo.com.mx\/?p=45147","title":{"rendered":"Massive Caller pone a Julen Rementer\u00eda como principal activo para encabezar la oposici\u00f3n"},"content":{"rendered":"\n<p><strong>Alejandro \u00c1vila<\/strong><\/p>\n\n\n\n<p>Veracruz, Ver.- La casa encuestadora Massive Caller coloca al actual Senador panista, Julen Rementer\u00eda del Puerto, como el principal activo para encabezar el Frente Amplio por Veracruz, de cara a la gubernatura que se jugar\u00e1 en 2024.<\/p>\n\n\n\n<p>A semanas de iniciar de manera oficial el proceso electoral del 2024, las casas encuestadoras se han abocado en conocer qui\u00e9nes son los mejores posicionados para los comicios del siguiente a\u00f1o.<\/p>\n\n\n\n<p>En ese sentido, Massive Caller, se\u00f1ala que seg\u00fan su encuesta concluida el pasado 11 de septiembre, el Senador blanquiazul lidera las preferencias del electorado en un 27.6 por ciento.<\/p>\n\n\n\n<p>El Senador panista se ubica por arriba de los otros 4 aspirantes que se han mencionado buscan encabezar el Frente Amplio por Veracruz.<\/p>\n\n\n\n<p>Los otros cuatro aspirante aparecen en preferencias decrecientes de dos a cuatro puntos de diferencia.&nbsp;<\/p>\n\n\n\n<p>El trabajo del panista se ha notado no s\u00f3lo en el Senado de la Rep\u00fablica, donde junto a X\u00f3chitl G\u00e1lvez, han desnunado los presuntos logros del Gobierno Federal; sino tambi\u00e9n en la entidad veracruzana, donde ha sido la voz de las personas que han sufrido por las reducciones presupuestales al campo y el sector salud.<\/p>\n\n\n\n<p>Es de recordar que, el coordinador del Grupo Parlamentario del PAN en el Senado, Julen Rementer\u00eda del Puerto, ha sido uno de los m\u00e1s duros cr\u00edticos de la secretaria de Energ\u00eda, Roc\u00edo Nahle Garc\u00eda, la cual presuntamente, ser\u00eda la candidata de Morena para la gubernatura de Veracruz.<\/p>\n","protected":false},"excerpt":{"rendered":"<p>Alejandro \u00c1vila Veracruz, Ver.- La casa encuestadora Massive Caller coloca al actual Senador panista, Julen Rementer\u00eda del Puerto, como el principal activo para encabezar el Frente Amplio por Veracruz, de cara a la gubernatura que se jugar\u00e1 en 2024. A semanas de iniciar de manera oficial el proceso electoral del 2024, las casas encuestadoras se [&hellip;]<\/p>\n","protected":false},"author":2476,"featured_media":45148,"comment_status":"open","ping_status":"open","sticky":false,"template":"","format":"standard","meta":{"_jetpack_memberships_contains_paid_content":false,"footnotes":""},"categories":[12],"tags":[],"class_list":["post-45147","post","type-post","status-publish","format-standard","has-post-thumbnail","hentry","category-nacional"],"jetpack_featured_media_url":"https:\/\/encuentroinformativo.com.mx\/wp-content\/uploads\/2023\/09\/IMG-20230913-WA0020.jpg","jetpack_sharing_enabled":true,"jetpack_likes_enabled":true,"amp_enabled":true,"_links":{"self":[{"href":"https:\/\/encuentroinformativo.com.mx\/index.php?rest_route=\/wp\/v2\/posts\/45147","targetHints":{"allow":["GET"]}}],"collection":[{"href":"https:\/\/encuentroinformativo.com.mx\/index.php?rest_route=\/wp\/v2\/posts"}],"about":[{"href":"https:\/\/encuentroinformativo.com.mx\/index.php?rest_route=\/wp\/v2\/types\/post"}],"author":[{"embeddable":true,"href":"https:\/\/encuentroinformativo.com.mx\/index.php?rest_route=\/wp\/v2\/users\/2476"}],"replies":[{"embeddable":true,"href":"https:\/\/encuentroinformativo.com.mx\/index.php?rest_route=%2Fwp%2Fv2%2Fcomments&post=45147"}],"version-history":[{"count":1,"href":"https:\/\/encuentroinformativo.com.mx\/index.php?rest_route=\/wp\/v2\/posts\/45147\/revisions"}],"predecessor-version":[{"id":45149,"href":"https:\/\/encuentroinformativo.com.mx\/index.php?rest_route=\/wp\/v2\/posts\/45147\/revisions\/45149"}],"wp:featuredmedia":[{"embeddable":true,"href":"https:\/\/encuentroinformativo.com.mx\/index.php?rest_route=\/wp\/v2\/media\/45148"}],"wp:attachment":[{"href":"https:\/\/encuentroinformativo.com.mx\/index.php?rest_route=%2Fwp%2Fv2%2Fmedia&parent=45147"}],"wp:term":[{"taxonomy":"category","embeddable":true,"href":"https:\/\/encuentroinformativo.com.mx\/index.php?rest_route=%2Fwp%2Fv2%2Fcategories&post=45147"},{"taxonomy":"post_tag","embeddable":true,"href":"https:\/\/encuentroinformativo.com.mx\/index.php?rest_route=%2Fwp%2Fv2%2Ftags&post=45147"}],"curies":[{"name":"wp","href":"https:\/\/api.w.org\/{rel}","templated":true}]}}