{"id":45150,"date":"2023-09-13T12:48:54","date_gmt":"2023-09-13T18:48:54","guid":{"rendered":"https:\/\/encuentroinformativo.com.mx\/?p=45150"},"modified":"2023-09-13T12:48:58","modified_gmt":"2023-09-13T18:48:58","slug":"continua-construccion-de-paso-superior-en-lazaro-cardenas-siop","status":"publish","type":"post","link":"https:\/\/encuentroinformativo.com.mx\/?p=45150","title":{"rendered":"Contin\u00faa construcci\u00f3n de paso superior en L\u00e1zaro C\u00e1rdenas: SIOP"},"content":{"rendered":"\n<p><strong>Dar\u00edo Pale <\/strong><\/p>\n\n\n\n<p>Xalapa, Ver.- A pesar de existir una suspensi\u00f3n definitiva, la construcci\u00f3n del Paso Superior Vehicular (PSV), del Urban Center sigue avanzando, as\u00ed lo dio a conocer titular de la Secretar\u00eda de Infraestructura y Obras Publicas (SIOP), Elio Hern\u00e1ndez Guti\u00e9rrez.<\/p>\n\n\n\n<p>En entrevista, coment\u00f3 que en el caso de la Fortaleza de San Carlos, en este municipio de Perote, dijo que para el mes de octubre deber\u00e1 estar concluida la remodelaci\u00f3n.<\/p>\n\n\n\n<p>&#8220;Yo creo que nos faltar\u00e1 un cinco por ciento, ya estamos en los \u00faltimos detalles, la idea es terminar ahorita en septiembre para que, si falta algo, lo terminemos para el evento de octubre&#8221;, agreg\u00f3.<\/p>\n\n\n\n<p>En cuanto al Paso Superior Vehicular (PSV), defini\u00f3 que lo que se detuvo fue la tala de los \u00e1rboles, &#8220;m\u00e1s no la obra&#8221;, por ello es que contin\u00faa la constituci\u00f3n de la misma, record\u00f3 que la conclusi\u00f3n de dicha obra est\u00e1 programada para el pr\u00f3ximo a\u00f1o, para los meses de marzo o abril.<\/p>\n\n\n\n<p>Estim\u00f3 que en el caso del Paso Superior Vehicular (PSV), de Las Trancas llega un avance del 60 o 70 por ciento, por lo que en octubre o noviembre podr\u00edan terminar de construirlo.<\/p>\n\n\n\n<p>Finalmente se\u00f1al\u00f3 que, &#8220;el de Las Trancas yo creo que en noviembre o inicios de diciembre ya estar\u00e1 abierto y el del Urban Center para marzo o abril ya estar\u00e1 funcionando, esa es la idea&#8221;.<\/p>\n","protected":false},"excerpt":{"rendered":"<p>Dar\u00edo Pale Xalapa, Ver.- A pesar de existir una suspensi\u00f3n definitiva, la construcci\u00f3n del Paso Superior Vehicular (PSV), del Urban Center sigue avanzando, as\u00ed lo dio a conocer titular de la Secretar\u00eda de Infraestructura y Obras Publicas (SIOP), Elio Hern\u00e1ndez Guti\u00e9rrez. En entrevista, coment\u00f3 que en el caso de la Fortaleza de San Carlos, en [&hellip;]<\/p>\n","protected":false},"author":2476,"featured_media":45151,"comment_status":"open","ping_status":"open","sticky":false,"template":"","format":"standard","meta":{"_jetpack_memberships_contains_paid_content":false,"footnotes":""},"categories":[2],"tags":[],"class_list":["post-45150","post","type-post","status-publish","format-standard","has-post-thumbnail","hentry","category-estado"],"jetpack_featured_media_url":"https:\/\/encuentroinformativo.com.mx\/wp-content\/uploads\/2023\/09\/IMG-20230913-WA00442.jpg","jetpack_sharing_enabled":true,"jetpack_likes_enabled":true,"amp_enabled":true,"_links":{"self":[{"href":"https:\/\/encuentroinformativo.com.mx\/index.php?rest_route=\/wp\/v2\/posts\/45150","targetHints":{"allow":["GET"]}}],"collection":[{"href":"https:\/\/encuentroinformativo.com.mx\/index.php?rest_route=\/wp\/v2\/posts"}],"about":[{"href":"https:\/\/encuentroinformativo.com.mx\/index.php?rest_route=\/wp\/v2\/types\/post"}],"author":[{"embeddable":true,"href":"https:\/\/encuentroinformativo.com.mx\/index.php?rest_route=\/wp\/v2\/users\/2476"}],"replies":[{"embeddable":true,"href":"https:\/\/encuentroinformativo.com.mx\/index.php?rest_route=%2Fwp%2Fv2%2Fcomments&post=45150"}],"version-history":[{"count":1,"href":"https:\/\/encuentroinformativo.com.mx\/index.php?rest_route=\/wp\/v2\/posts\/45150\/revisions"}],"predecessor-version":[{"id":45152,"href":"https:\/\/encuentroinformativo.com.mx\/index.php?rest_route=\/wp\/v2\/posts\/45150\/revisions\/45152"}],"wp:featuredmedia":[{"embeddable":true,"href":"https:\/\/encuentroinformativo.com.mx\/index.php?rest_route=\/wp\/v2\/media\/45151"}],"wp:attachment":[{"href":"https:\/\/encuentroinformativo.com.mx\/index.php?rest_route=%2Fwp%2Fv2%2Fmedia&parent=45150"}],"wp:term":[{"taxonomy":"category","embeddable":true,"href":"https:\/\/encuentroinformativo.com.mx\/index.php?rest_route=%2Fwp%2Fv2%2Fcategories&post=45150"},{"taxonomy":"post_tag","embeddable":true,"href":"https:\/\/encuentroinformativo.com.mx\/index.php?rest_route=%2Fwp%2Fv2%2Ftags&post=45150"}],"curies":[{"name":"wp","href":"https:\/\/api.w.org\/{rel}","templated":true}]}}