{"id":45156,"date":"2023-09-13T15:37:27","date_gmt":"2023-09-13T21:37:27","guid":{"rendered":"https:\/\/encuentroinformativo.com.mx\/?p=45156"},"modified":"2023-09-13T15:37:31","modified_gmt":"2023-09-13T21:37:31","slug":"estudiantes-de-economia-reclaman-justicia-para-kassandra","status":"publish","type":"post","link":"https:\/\/encuentroinformativo.com.mx\/?p=45156","title":{"rendered":"Estudiantes de econom\u00eda, reclaman justicia para Kassandra"},"content":{"rendered":"\n<p><strong>Juan Arcos<\/strong> <\/p>\n\n\n\n<p>Xalapa, Ver.- Estudiantes de la Facultad de Econom\u00eda de la Universidad Veracruzana (UV) protestaron afuera del plantel para exigir justicia, debido a que su compa\u00f1era Kassandra fue atropellada y muri\u00f3 por la gravedad de las lesiones.<\/p>\n\n\n\n<p>Los j\u00f3venes se manifestaron vestidos de negro en se\u00f1al de luto y bloquearon el cruce de las avenidas Xalapa, \u00c1vila Camacho y 20 de Noviembre.<\/p>\n\n\n\n<p>Los quejosos recordaron que el pasado viernes 8 de septiembre, la alumna del tercer semestre de la Licenciatura en Econom\u00eda sufri\u00f3 una lesi\u00f3n por parte de un veh\u00edculo particular mientras intentaba cruzar la avenida Xalapa, frente a la Facultad mencionada.<\/p>\n\n\n\n<p>El pasado lunes 11 de septiembre fue declarada con muerte cerebral y despu\u00e9s falleci\u00f3 por la tarde del mismo d\u00eda.<\/p>\n\n\n\n<p>Los estudiantes est\u00e1n molestos porque el responsable de sus muerte permanece libre y el caso est\u00e1 impune.<\/p>\n\n\n\n<p>Kassandra era originaria del municipio de Naranjos, ubicado en la zona norte del estado de Veracruz. Ten\u00eda 20 a\u00f1os y sus familiares creen que fue atropellada.<\/p>\n\n\n\n<p>Su primo Ram\u00f3n P\u00e9rez Luz\u00e1rraga indic\u00f3 que al principio se hablada de que una ca\u00edda por desmayo; sin embargo, por la gravedad de la lesi\u00f3n deducen que se trat\u00f3 de un atropellamiento.<\/p>\n\n\n\n<p>Adem\u00e1s, indic\u00f3 que no han sido presentada la denuncia en la Fiscal\u00eda General del Estado (FGE) por el presunto homicidio culposo en agravio de Kassandra. Los estudiantes de la Facultad de Econom\u00eda ampliaron su protesta y cerraron tambi\u00e9n la la avenida 20 de Noviembre y la desviaci\u00f3n hacia la calle Francisco Javier Clavijero, as\u00ed como Manuel C. Tello, donde una conductora avent\u00f3 su veh\u00edculo y golpe\u00f3 a uno de los j\u00f3venes y se burl\u00f3 de ellos, por lo que los manifestantes reaccionaron y lanzaron pu\u00f1etazos y patadas, da\u00f1ando la l\u00e1mina del autom\u00f3vil blanco.<\/p>\n\n\n\n<p>Hasta el momento, no hay reporte de personas lesionadas; sin embargo, los alumnos amagaron con mantener el bloqueo de calles y avenidas hasta que las autoridades procedan contra el presunto responsable de la muerte de Kassandra.<\/p>\n","protected":false},"excerpt":{"rendered":"<p>Juan Arcos Xalapa, Ver.- Estudiantes de la Facultad de Econom\u00eda de la Universidad Veracruzana (UV) protestaron afuera del plantel para exigir justicia, debido a que su compa\u00f1era Kassandra fue atropellada y muri\u00f3 por la gravedad de las lesiones. Los j\u00f3venes se manifestaron vestidos de negro en se\u00f1al de luto y bloquearon el cruce de las [&hellip;]<\/p>\n","protected":false},"author":2476,"featured_media":45157,"comment_status":"open","ping_status":"open","sticky":false,"template":"","format":"standard","meta":{"_jetpack_memberships_contains_paid_content":false,"footnotes":""},"categories":[3],"tags":[],"class_list":["post-45156","post","type-post","status-publish","format-standard","has-post-thumbnail","hentry","category-xalapa"],"jetpack_featured_media_url":"https:\/\/encuentroinformativo.com.mx\/wp-content\/uploads\/2023\/09\/IMG_5101.jpg","jetpack_sharing_enabled":true,"jetpack_likes_enabled":true,"amp_enabled":true,"_links":{"self":[{"href":"https:\/\/encuentroinformativo.com.mx\/index.php?rest_route=\/wp\/v2\/posts\/45156","targetHints":{"allow":["GET"]}}],"collection":[{"href":"https:\/\/encuentroinformativo.com.mx\/index.php?rest_route=\/wp\/v2\/posts"}],"about":[{"href":"https:\/\/encuentroinformativo.com.mx\/index.php?rest_route=\/wp\/v2\/types\/post"}],"author":[{"embeddable":true,"href":"https:\/\/encuentroinformativo.com.mx\/index.php?rest_route=\/wp\/v2\/users\/2476"}],"replies":[{"embeddable":true,"href":"https:\/\/encuentroinformativo.com.mx\/index.php?rest_route=%2Fwp%2Fv2%2Fcomments&post=45156"}],"version-history":[{"count":1,"href":"https:\/\/encuentroinformativo.com.mx\/index.php?rest_route=\/wp\/v2\/posts\/45156\/revisions"}],"predecessor-version":[{"id":45158,"href":"https:\/\/encuentroinformativo.com.mx\/index.php?rest_route=\/wp\/v2\/posts\/45156\/revisions\/45158"}],"wp:featuredmedia":[{"embeddable":true,"href":"https:\/\/encuentroinformativo.com.mx\/index.php?rest_route=\/wp\/v2\/media\/45157"}],"wp:attachment":[{"href":"https:\/\/encuentroinformativo.com.mx\/index.php?rest_route=%2Fwp%2Fv2%2Fmedia&parent=45156"}],"wp:term":[{"taxonomy":"category","embeddable":true,"href":"https:\/\/encuentroinformativo.com.mx\/index.php?rest_route=%2Fwp%2Fv2%2Fcategories&post=45156"},{"taxonomy":"post_tag","embeddable":true,"href":"https:\/\/encuentroinformativo.com.mx\/index.php?rest_route=%2Fwp%2Fv2%2Ftags&post=45156"}],"curies":[{"name":"wp","href":"https:\/\/api.w.org\/{rel}","templated":true}]}}