{"id":45159,"date":"2023-09-13T16:15:34","date_gmt":"2023-09-13T22:15:34","guid":{"rendered":"https:\/\/encuentroinformativo.com.mx\/?p=45159"},"modified":"2023-09-13T16:15:38","modified_gmt":"2023-09-13T22:15:38","slug":"presume-cazarin-unidad-de-la-4t-en-veracruz","status":"publish","type":"post","link":"https:\/\/encuentroinformativo.com.mx\/?p=45159","title":{"rendered":"Presume Cazar\u00edn unidad de la 4T en Veracruz"},"content":{"rendered":"\n<p><strong>Dar\u00edo Pale <\/strong><\/p>\n\n\n\n<p>Xalapa, Ver.- El movimiento de la Cuarta Transformaci\u00f3n es m\u00e1s fuerte que cualquier persona, ello luego de que varios legisladores y personajes de la vida p\u00fablica del Estado apoyaran a distintos aspirantes a la candidatura presidencial, as\u00ed lo dio a conocer el presidente de la Junta de Coordinaci\u00f3n Pol\u00edtica del Congreso del Estado, Juan Javier G\u00f3mez Cazar\u00edn.<\/p>\n\n\n\n<p>En entrevista se\u00f1al\u00f3 que tras la elecci\u00f3n interna de Sheinbaum, en Veracruz habr\u00e1 unidad, &#8220;los diputados Arteaga, Marcos, la diputada Lourdes, sabemos que el Movimiento es m\u00e1s fuerte que cualquier persona&#8221;.<\/p>\n\n\n\n<p>Adem\u00e1s reiter\u00f3 que desde un inicio del proceso interno de Morena, acordaron que una vez que concluyera la encuesta iban a conciliar y a estar en unidad.<\/p>\n\n\n\n<p>Luego de que Ad\u00e1n Augusto L\u00f3pez Hern\u00e1ndez fuera nombrado como coordinador pol\u00edtico y, Ricardo Monreal como coordinador de Organizaci\u00f3n y Enlace Territorial coment\u00f3 que, &#8220;y lo de ayer es una clara muestra de que el Partido est\u00e1 s\u00f3lido y est\u00e1 fuerte para la elecci\u00f3n del 2024&#8221;.<\/p>\n\n\n\n<p>Entrevistado en relaci\u00f3n a lo que podr\u00eda pasar si Marcelo Ebrard toma la decisi\u00f3n de abandonar las filas de Morena, respondi\u00f3 que se respetar\u00e1 su decisi\u00f3n, sin embargo, los que son de Morena y servidores de la gente saben que la lucha est\u00e1 del lado de Claudia Sheimbaum.<\/p>\n\n\n\n<p>&#8220;Y ah\u00ed vamos a estar la gente que sabe bien que hay que trabajar a favor del pueblo&#8221;, coment\u00f3.<br>En otro tema, luego de que se exhibiera un mu\u00f1eco de trapo con una cartulina y mensaje hacia el dirigente de Morena, Esteban Ram\u00edrez Zepeta, dijo que se debe guardar respeto.<\/p>\n\n\n\n<p>Asegur\u00f3 que en Morena se respeta la libertad de expresi\u00f3n de todos y como un partido democr\u00e1tico que son, se dan este tipo de manifestaciones.<\/p>\n\n\n\n<p>Finalmente comento que, &#8220;pero nada que afecte la unidad de Morena&#8221;.<\/p>\n","protected":false},"excerpt":{"rendered":"<p>Dar\u00edo Pale Xalapa, Ver.- El movimiento de la Cuarta Transformaci\u00f3n es m\u00e1s fuerte que cualquier persona, ello luego de que varios legisladores y personajes de la vida p\u00fablica del Estado apoyaran a distintos aspirantes a la candidatura presidencial, as\u00ed lo dio a conocer el presidente de la Junta de Coordinaci\u00f3n Pol\u00edtica del Congreso del Estado, [&hellip;]<\/p>\n","protected":false},"author":2476,"featured_media":45160,"comment_status":"open","ping_status":"open","sticky":false,"template":"","format":"standard","meta":{"_jetpack_memberships_contains_paid_content":false,"footnotes":""},"categories":[2],"tags":[],"class_list":["post-45159","post","type-post","status-publish","format-standard","has-post-thumbnail","hentry","category-estado"],"jetpack_featured_media_url":"https:\/\/encuentroinformativo.com.mx\/wp-content\/uploads\/2023\/09\/IMG-20230913-WA00892.jpg","jetpack_sharing_enabled":true,"jetpack_likes_enabled":true,"amp_enabled":true,"_links":{"self":[{"href":"https:\/\/encuentroinformativo.com.mx\/index.php?rest_route=\/wp\/v2\/posts\/45159","targetHints":{"allow":["GET"]}}],"collection":[{"href":"https:\/\/encuentroinformativo.com.mx\/index.php?rest_route=\/wp\/v2\/posts"}],"about":[{"href":"https:\/\/encuentroinformativo.com.mx\/index.php?rest_route=\/wp\/v2\/types\/post"}],"author":[{"embeddable":true,"href":"https:\/\/encuentroinformativo.com.mx\/index.php?rest_route=\/wp\/v2\/users\/2476"}],"replies":[{"embeddable":true,"href":"https:\/\/encuentroinformativo.com.mx\/index.php?rest_route=%2Fwp%2Fv2%2Fcomments&post=45159"}],"version-history":[{"count":1,"href":"https:\/\/encuentroinformativo.com.mx\/index.php?rest_route=\/wp\/v2\/posts\/45159\/revisions"}],"predecessor-version":[{"id":45161,"href":"https:\/\/encuentroinformativo.com.mx\/index.php?rest_route=\/wp\/v2\/posts\/45159\/revisions\/45161"}],"wp:featuredmedia":[{"embeddable":true,"href":"https:\/\/encuentroinformativo.com.mx\/index.php?rest_route=\/wp\/v2\/media\/45160"}],"wp:attachment":[{"href":"https:\/\/encuentroinformativo.com.mx\/index.php?rest_route=%2Fwp%2Fv2%2Fmedia&parent=45159"}],"wp:term":[{"taxonomy":"category","embeddable":true,"href":"https:\/\/encuentroinformativo.com.mx\/index.php?rest_route=%2Fwp%2Fv2%2Fcategories&post=45159"},{"taxonomy":"post_tag","embeddable":true,"href":"https:\/\/encuentroinformativo.com.mx\/index.php?rest_route=%2Fwp%2Fv2%2Ftags&post=45159"}],"curies":[{"name":"wp","href":"https:\/\/api.w.org\/{rel}","templated":true}]}}