{"id":4516,"date":"2020-07-29T18:16:39","date_gmt":"2020-07-29T23:16:39","guid":{"rendered":"https:\/\/encuentroinformativo.com\/?p=4516"},"modified":"2020-07-29T18:16:42","modified_gmt":"2020-07-29T23:16:42","slug":"celebra-iglesia-resolucion-de-la-scjn-sobre-aborto","status":"publish","type":"post","link":"https:\/\/encuentroinformativo.com.mx\/?p=4516","title":{"rendered":"Celebra Iglesia resoluci\u00f3n de la SCJN sobre aborto"},"content":{"rendered":"\n<p><strong>Dar\u00edo Pale <\/strong><\/p>\n\n\n\n<p>Xalapa, Ver.- El vocero de la Arquidi\u00f3cesis de Xalapa el padre Jos\u00e9 Manuel Suazo Reyes despu\u00e9s del fallo de la despenalizaci\u00f3n del aborto se dijo contento por la resoluci\u00f3n de la Suprema Corte de Justicia de la Naci\u00f3n (SCJN), y asegur\u00f3 que se trata del triunfo de la cultura de la vida.<\/p>\n\n\n\n<p>En entrevista se\u00f1al\u00f3 que &#8220;el hecho de que los ministros de la Suprema Corte desechar\u00e1n la propuesta por el Juan Luis Gonz\u00e1lez Alc\u00e1ntara, es un mensaje positivo porque es el triunfo de la cultura de la vida sobre esta mentalidad abortista del ministro ponente\u201d.<\/p>\n\n\n\n<p>Dijo que adem\u00e1s triunfa la Constituci\u00f3n de Veracruz &#8220;y eso significa que la vida humana es el derecho humano que debemos de respetar todos y desde luego debemos seguir promoviendo que haya pol\u00edticas fehacientes que atiendan el tema de las mujeres y el cuidado de las mujeres embarazadas para que ninguna mujer se vea forzada a la decisi\u00f3n que genera muchas v\u00edctimas\u201d.<\/p>\n\n\n\n<p>Hab\u00eda el peligro dijo, de que si se aprobaba en Veracruz la despenalizaci\u00f3n del aborto &#8220;abrir\u00eda la puerta para el aborto en el pa\u00eds y con esto se protege la vida desde la concepci\u00f3n hasta su desenlace natural&#8221;.<\/p>\n\n\n\n<p>El prelado expuso que la ley prev\u00e9 en algunos casos d\u00f3nde se permite el aborto &#8220;y agradecemos a todos los diputados y senadores su rechazo a la propuesta&#8221;.<\/p>\n\n\n\n<p>Este mi\u00e9rcoles, la Suprema Corte de Justicia de la Naci\u00f3n (SCJN) desech\u00f3 \u00a0el proyecto que buscaba erradicar las obstaculizaciones legislativas en Veracruz en materia de interrupci\u00f3n del embarazo.<\/p>\n\n\n\n<p>Cuatro integrantes de la Primera Sala de la Corte rechazaron el proyecto del ministro Juan Luis Gonz\u00e1lez Alc\u00e1ntara Carranc\u00e1, en el que se planteaba que la actual legislaci\u00f3n de Veracruz es omisa, discriminatoria y violatoria a los derechos reproductivos de las mujeres.<\/p>\n\n\n\n<p><\/p>\n","protected":false},"excerpt":{"rendered":"<p>Dar\u00edo Pale Xalapa, Ver.- El vocero de la Arquidi\u00f3cesis de Xalapa el padre Jos\u00e9 Manuel Suazo Reyes despu\u00e9s del fallo de la despenalizaci\u00f3n del aborto se dijo contento por la resoluci\u00f3n de la Suprema Corte de Justicia de la Naci\u00f3n (SCJN), y asegur\u00f3 que se trata del triunfo de la cultura de la vida. En [&hellip;]<\/p>\n","protected":false},"author":1,"featured_media":4517,"comment_status":"open","ping_status":"open","sticky":false,"template":"","format":"standard","meta":{"_jetpack_memberships_contains_paid_content":false,"footnotes":""},"categories":[3],"tags":[],"class_list":["post-4516","post","type-post","status-publish","format-standard","has-post-thumbnail","hentry","category-xalapa"],"jetpack_featured_media_url":"https:\/\/encuentroinformativo.com.mx\/wp-content\/uploads\/2020\/07\/2874A68A-0F8E-4587-AB76-5E0E99561313.jpeg","jetpack_sharing_enabled":true,"jetpack_likes_enabled":true,"amp_enabled":true,"_links":{"self":[{"href":"https:\/\/encuentroinformativo.com.mx\/index.php?rest_route=\/wp\/v2\/posts\/4516","targetHints":{"allow":["GET"]}}],"collection":[{"href":"https:\/\/encuentroinformativo.com.mx\/index.php?rest_route=\/wp\/v2\/posts"}],"about":[{"href":"https:\/\/encuentroinformativo.com.mx\/index.php?rest_route=\/wp\/v2\/types\/post"}],"author":[{"embeddable":true,"href":"https:\/\/encuentroinformativo.com.mx\/index.php?rest_route=\/wp\/v2\/users\/1"}],"replies":[{"embeddable":true,"href":"https:\/\/encuentroinformativo.com.mx\/index.php?rest_route=%2Fwp%2Fv2%2Fcomments&post=4516"}],"version-history":[{"count":1,"href":"https:\/\/encuentroinformativo.com.mx\/index.php?rest_route=\/wp\/v2\/posts\/4516\/revisions"}],"predecessor-version":[{"id":4518,"href":"https:\/\/encuentroinformativo.com.mx\/index.php?rest_route=\/wp\/v2\/posts\/4516\/revisions\/4518"}],"wp:featuredmedia":[{"embeddable":true,"href":"https:\/\/encuentroinformativo.com.mx\/index.php?rest_route=\/wp\/v2\/media\/4517"}],"wp:attachment":[{"href":"https:\/\/encuentroinformativo.com.mx\/index.php?rest_route=%2Fwp%2Fv2%2Fmedia&parent=4516"}],"wp:term":[{"taxonomy":"category","embeddable":true,"href":"https:\/\/encuentroinformativo.com.mx\/index.php?rest_route=%2Fwp%2Fv2%2Fcategories&post=4516"},{"taxonomy":"post_tag","embeddable":true,"href":"https:\/\/encuentroinformativo.com.mx\/index.php?rest_route=%2Fwp%2Fv2%2Ftags&post=4516"}],"curies":[{"name":"wp","href":"https:\/\/api.w.org\/{rel}","templated":true}]}}