{"id":45168,"date":"2023-09-13T16:43:34","date_gmt":"2023-09-13T22:43:34","guid":{"rendered":"https:\/\/encuentroinformativo.com.mx\/?p=45168"},"modified":"2023-09-13T16:43:39","modified_gmt":"2023-09-13T22:43:39","slug":"despliega-ssp-3-mil-500-elementos-durante-operativo-de-fiestas-patrias-en-el-estado","status":"publish","type":"post","link":"https:\/\/encuentroinformativo.com.mx\/?p=45168","title":{"rendered":"Despliega SSP 3 mil 500 elementos durante Operativo de fiestas patrias en el estado"},"content":{"rendered":"\n<p>Xalapa, Ver.- A unos d\u00edas de la conmemoraci\u00f3n del grito de Independencia, el Secretario de Seguridad P\u00fablica, Cap. Cuauht\u00e9moc Z\u00fa\u00f1iga Bonilla precis\u00f3 que esta listo el dispositivo preventivo que se pondr\u00e1 en marcha en los 212 municipios de la entidad veracruzana, en el que participaran 3 mil 500 efectivos de SSP.<\/p>\n\n\n\n<p>\u201cPor instrucciones de nuestro se\u00f1or Gobernador, Cuitl\u00e1huac Garc\u00eda Jim\u00e9nez ya est\u00e1 listo el operativo con motivo de las fiestas patrias, para garantizar que el grito del 15 de septiembre y el desfile se lleven a cabo sin contratiempos\u201d, dijo.<\/p>\n\n\n\n<p>Z\u00fa\u00f1iga Bonilla explic\u00f3 que la SSP mantendr\u00e1 la coordinaci\u00f3n con las Secretar\u00edas de Marina y de la Defensa Nacional, Polic\u00eda Municipal y Guardia Nacional para trabajar en el esquema de seguridad.<\/p>\n\n\n\n<p>Afirm\u00f3 que a la estrategia con motivo de las fiestas patrias se suman tres mil 500 oficiales de SSP, los cuales ser\u00e1n desplegados en el territorio veracruzano para reforzar la seguridad, mediante filtros y patrullajes, considerando que el esfuerzo entre todas las dependencias dar\u00e1 el resultado esperado.<\/p>\n","protected":false},"excerpt":{"rendered":"<p>Xalapa, Ver.- A unos d\u00edas de la conmemoraci\u00f3n del grito de Independencia, el Secretario de Seguridad P\u00fablica, Cap. Cuauht\u00e9moc Z\u00fa\u00f1iga Bonilla precis\u00f3 que esta listo el dispositivo preventivo que se pondr\u00e1 en marcha en los 212 municipios de la entidad veracruzana, en el que participaran 3 mil 500 efectivos de SSP. \u201cPor instrucciones de nuestro [&hellip;]<\/p>\n","protected":false},"author":2476,"featured_media":45169,"comment_status":"open","ping_status":"open","sticky":false,"template":"","format":"standard","meta":{"_jetpack_memberships_contains_paid_content":false,"footnotes":""},"categories":[2],"tags":[],"class_list":["post-45168","post","type-post","status-publish","format-standard","has-post-thumbnail","hentry","category-estado"],"jetpack_featured_media_url":"https:\/\/encuentroinformativo.com.mx\/wp-content\/uploads\/2023\/09\/IMG-20230913-WA00462.jpg","jetpack_sharing_enabled":true,"jetpack_likes_enabled":true,"amp_enabled":true,"_links":{"self":[{"href":"https:\/\/encuentroinformativo.com.mx\/index.php?rest_route=\/wp\/v2\/posts\/45168","targetHints":{"allow":["GET"]}}],"collection":[{"href":"https:\/\/encuentroinformativo.com.mx\/index.php?rest_route=\/wp\/v2\/posts"}],"about":[{"href":"https:\/\/encuentroinformativo.com.mx\/index.php?rest_route=\/wp\/v2\/types\/post"}],"author":[{"embeddable":true,"href":"https:\/\/encuentroinformativo.com.mx\/index.php?rest_route=\/wp\/v2\/users\/2476"}],"replies":[{"embeddable":true,"href":"https:\/\/encuentroinformativo.com.mx\/index.php?rest_route=%2Fwp%2Fv2%2Fcomments&post=45168"}],"version-history":[{"count":1,"href":"https:\/\/encuentroinformativo.com.mx\/index.php?rest_route=\/wp\/v2\/posts\/45168\/revisions"}],"predecessor-version":[{"id":45170,"href":"https:\/\/encuentroinformativo.com.mx\/index.php?rest_route=\/wp\/v2\/posts\/45168\/revisions\/45170"}],"wp:featuredmedia":[{"embeddable":true,"href":"https:\/\/encuentroinformativo.com.mx\/index.php?rest_route=\/wp\/v2\/media\/45169"}],"wp:attachment":[{"href":"https:\/\/encuentroinformativo.com.mx\/index.php?rest_route=%2Fwp%2Fv2%2Fmedia&parent=45168"}],"wp:term":[{"taxonomy":"category","embeddable":true,"href":"https:\/\/encuentroinformativo.com.mx\/index.php?rest_route=%2Fwp%2Fv2%2Fcategories&post=45168"},{"taxonomy":"post_tag","embeddable":true,"href":"https:\/\/encuentroinformativo.com.mx\/index.php?rest_route=%2Fwp%2Fv2%2Ftags&post=45168"}],"curies":[{"name":"wp","href":"https:\/\/api.w.org\/{rel}","templated":true}]}}