{"id":45174,"date":"2023-09-13T16:51:52","date_gmt":"2023-09-13T22:51:52","guid":{"rendered":"https:\/\/encuentroinformativo.com.mx\/?p=45174"},"modified":"2023-09-13T16:51:57","modified_gmt":"2023-09-13T22:51:57","slug":"conmemora-alcalde-jm-unanue-el-176-aniversario-de-la-gesta-heroica-de-los-ninos-heroes","status":"publish","type":"post","link":"https:\/\/encuentroinformativo.com.mx\/?p=45174","title":{"rendered":"Conmemora Alcalde JM Un\u00e1nue el 176 Aniversario de la Gesta Heroica de los Ni\u00f1os H\u00e9roes"},"content":{"rendered":"\n<p><strong>*<em>El Alcalde record\u00f3 que M\u00e9xico se ha construido con trabajo, esfuerzo y sacrificio de hombres y mujeres que a lo largo de la historia han dado lo mejor de sus vidas defendiendo nuestra soberan\u00eda ante las amenazas<\/em>.<\/strong><\/p>\n\n\n\n<p>Boca del R\u00edo, Ver.- Este mi\u00e9rcoles, el Alcalde de Boca del R\u00edo, Juan Manuel Un\u00e1nue Abascal, encabez\u00f3 la Conmemoraci\u00f3n de la Gesta Heroica de los Ni\u00f1os H\u00e9roes como parte de la defensa del Castillo de Chapultepec el 13 de septiembre de 1847 ante el ej\u00e9rcito de Estados Unidos.<\/p>\n\n\n\n<p>En su intervenci\u00f3n, el Alcalde record\u00f3 que M\u00e9xico se ha construido con trabajo, esfuerzo y sacrificio de hombres y mujeres que a lo largo de la historia han dado lo mejor de sus vidas, pero que tambi\u00e9n han forjado nuestra libertad y nuestra identidad nacional con resistencia y lucha, defendiendo nuestra soberan\u00eda ante las amenazas.<\/p>\n\n\n\n<p>Por eso es justo recordar a los Cadetes Agust\u00edn Melgar, Fernando Montes de Oca, Francisco M\u00e1rquez, Juan Escutia, Vicente Su\u00e1rez y al subteniente Juan de la Barrera, quienes dieron su vida por una Patria libre.<\/p>\n\n\n\n<p>\u201cEs el municipio donde nace el amor por lo nuestro, por nuestra tierra, cultura, y riqueza hist\u00f3rica; elementos que en lo particular han hecho de Boca del R\u00edo una ciudad ejemplo en el ejercicio de gobierno\u201d, enfatiz\u00f3 la primera autoridad boque\u00f1a.<\/p>\n\n\n\n<p>Ante autoridades civiles y militares, el edil destac\u00f3 que este amor por Boca del R\u00edo es el que nos llama a dar lo mejor de nosotros mismos, porque juntos estamos construyendo un futuro promisorio, donde el respeto a las libertades m\u00e1s elementales de las personas est\u00e9n garantizadas.<\/p>\n\n\n\n<p>Finalmente, el Presidente Municipal de Boca del R\u00edo, Juan Manuel Un\u00e1nue Abascal, detall\u00f3 que los Ni\u00f1os H\u00e9roes empu\u00f1aron sus fusiles y resistieron hasta donde sus fuerzas y sus vidas lo permitieron, convirti\u00e9ndose en la actualidad en el rostro de nuestras nuevas generaciones que llevan consigo el reto de seguir luchando para construir un pa\u00eds, un estado y un municipio a la altura de las nuevas circunstancias.<\/p>\n\n\n\n<p>En el acto c\u00edvico celebrado en el monumento a los Ni\u00f1os H\u00e9roes ubicado sobre el bulevar Ruiz Cortines, estuvo presente la alcaldesa de Veracruz; Patricia Lobeira Rodr\u00edguez, as\u00ed como el Coronel de Infanter\u00eda, Manuel Suastegui Dur\u00e1n; Segundo Comandante del 83 Batall\u00f3n de Infanter\u00eda y el Capit\u00e1n de Nav\u00edo Cuerpo General Diplomado Estado Mayor; Gabriel Cort\u00e9s Molina, en Representaci\u00f3n de la Tercera Regi\u00f3n Naval.<\/p>\n\n\n\n<p>Asimismo se cont\u00f3 con la presencia de la S\u00edndica del Ayuntamiento de Boca del R\u00edo; Susana Tiburcio Galicia, el S\u00edndico del Ayuntamiento de Veracruz; Manuel Rivera Polanco, as\u00ed como Judith Pineda Andrade; Secretaria del Ayuntamiento de Boca del R\u00edo, adem\u00e1s del Secretario del Ayuntamiento de Veracruz; Juan Carlos Salda\u00f1a Mor\u00e1n, cont\u00e1ndose con la presencia del cuerpo edilicio de Boca del R\u00edo y Veracruz.<\/p>\n","protected":false},"excerpt":{"rendered":"<p>*El Alcalde record\u00f3 que M\u00e9xico se ha construido con trabajo, esfuerzo y sacrificio de hombres y mujeres que a lo largo de la historia han dado lo mejor de sus vidas defendiendo nuestra soberan\u00eda ante las amenazas. Boca del R\u00edo, Ver.- Este mi\u00e9rcoles, el Alcalde de Boca del R\u00edo, Juan Manuel Un\u00e1nue Abascal, encabez\u00f3 la [&hellip;]<\/p>\n","protected":false},"author":2476,"featured_media":45175,"comment_status":"open","ping_status":"open","sticky":false,"template":"","format":"standard","meta":{"_jetpack_memberships_contains_paid_content":false,"footnotes":""},"categories":[2],"tags":[],"class_list":["post-45174","post","type-post","status-publish","format-standard","has-post-thumbnail","hentry","category-estado"],"jetpack_featured_media_url":"https:\/\/encuentroinformativo.com.mx\/wp-content\/uploads\/2023\/09\/IMG-20230913-WA00642.jpg","jetpack_sharing_enabled":true,"jetpack_likes_enabled":true,"amp_enabled":true,"_links":{"self":[{"href":"https:\/\/encuentroinformativo.com.mx\/index.php?rest_route=\/wp\/v2\/posts\/45174","targetHints":{"allow":["GET"]}}],"collection":[{"href":"https:\/\/encuentroinformativo.com.mx\/index.php?rest_route=\/wp\/v2\/posts"}],"about":[{"href":"https:\/\/encuentroinformativo.com.mx\/index.php?rest_route=\/wp\/v2\/types\/post"}],"author":[{"embeddable":true,"href":"https:\/\/encuentroinformativo.com.mx\/index.php?rest_route=\/wp\/v2\/users\/2476"}],"replies":[{"embeddable":true,"href":"https:\/\/encuentroinformativo.com.mx\/index.php?rest_route=%2Fwp%2Fv2%2Fcomments&post=45174"}],"version-history":[{"count":1,"href":"https:\/\/encuentroinformativo.com.mx\/index.php?rest_route=\/wp\/v2\/posts\/45174\/revisions"}],"predecessor-version":[{"id":45176,"href":"https:\/\/encuentroinformativo.com.mx\/index.php?rest_route=\/wp\/v2\/posts\/45174\/revisions\/45176"}],"wp:featuredmedia":[{"embeddable":true,"href":"https:\/\/encuentroinformativo.com.mx\/index.php?rest_route=\/wp\/v2\/media\/45175"}],"wp:attachment":[{"href":"https:\/\/encuentroinformativo.com.mx\/index.php?rest_route=%2Fwp%2Fv2%2Fmedia&parent=45174"}],"wp:term":[{"taxonomy":"category","embeddable":true,"href":"https:\/\/encuentroinformativo.com.mx\/index.php?rest_route=%2Fwp%2Fv2%2Fcategories&post=45174"},{"taxonomy":"post_tag","embeddable":true,"href":"https:\/\/encuentroinformativo.com.mx\/index.php?rest_route=%2Fwp%2Fv2%2Ftags&post=45174"}],"curies":[{"name":"wp","href":"https:\/\/api.w.org\/{rel}","templated":true}]}}