{"id":45177,"date":"2023-09-13T16:54:43","date_gmt":"2023-09-13T22:54:43","guid":{"rendered":"https:\/\/encuentroinformativo.com.mx\/?p=45177"},"modified":"2023-09-13T16:54:52","modified_gmt":"2023-09-13T22:54:52","slug":"atencion-estos-son-los-cierres-viales-del-14-al-16-por-fiestas-patrias","status":"publish","type":"post","link":"https:\/\/encuentroinformativo.com.mx\/?p=45177","title":{"rendered":"Atenci\u00f3n: estos son los cierres viales del 14 al 16 por Fiestas Patrias"},"content":{"rendered":"\n<p>Xalapa, Ver.- El cierre de vialidades en el primer cuadro de la ciudad, con motivo de las actividades de las fiestas patrias, se llevar\u00e1 a cabo a partir de este jueves 14 a las 20:00 horas, y se reabrir\u00e1 el s\u00e1bado 16 despu\u00e9s de las 16:00 horas, inform\u00f3 la Direcci\u00f3n General de Tr\u00e1nsito y Seguridad Vial.<\/p>\n\n\n\n<p>El cierre programado para el d\u00eda 14, comprende las calles Primo Verdad, Enr\u00edquez, Ju\u00e1rez, Lucio y Revoluci\u00f3n, as\u00ed como la esquina de Enr\u00edquez y Clavijero, lo anterior para la colocaci\u00f3n de vallas, arcos de seguridad y escenario para el programa art\u00edstico.<\/p>\n\n\n\n<p>Para el d\u00eda 15, la avenida \u00c1vila Camacho, Victoria, Ju\u00e1rez (hasta monumento a la madre), Allende, Barrag\u00e1n, Zamora y Mata, as\u00ed como con la esquina con Revoluci\u00f3n y Lucio. Este cierre se realizar\u00e1 a partir de las 17:00 horas.<\/p>\n\n\n\n<p>El d\u00eda 16, el corte de circulaci\u00f3n es de las 06:00 a las 14:00 horas en las intersecciones de \u00c1vila Camacho-Sayago, Ru\u00edz Cortines-Francisco Moreno, Papantla-Agust\u00edn Melgar, \u00c1vila Camacho-Navarrete, Rub\u00e9n Bouchez-Jos\u00e9 D\u00edaz, Jos\u00e9 D\u00edaz-Navarrete,<\/p>\n\n\n\n<p>Igualmente \u00c1ngel Garrido-Ignacio de la Llave, Ru\u00edz Cortines-Ignacio de la Llave, \u00c1vila Camacho-Hilario Salas, Victoria-Altamirano, Ju\u00e1rez-Guerrero, Clavijero-Altamirano, Revoluci\u00f3n-Altamirano y Clavijero-Ju\u00e1rez. Adem\u00e1s los cruces de Presidentes-Murillo Vidal, 20 de Noviembre-Xalape\u00f1os Ilustres, 20 de Noviembre-Moctezuma e Hidalgo-D\u00edaz Mir\u00f3n.<\/p>\n","protected":false},"excerpt":{"rendered":"<p>Xalapa, Ver.- El cierre de vialidades en el primer cuadro de la ciudad, con motivo de las actividades de las fiestas patrias, se llevar\u00e1 a cabo a partir de este jueves 14 a las 20:00 horas, y se reabrir\u00e1 el s\u00e1bado 16 despu\u00e9s de las 16:00 horas, inform\u00f3 la Direcci\u00f3n General de Tr\u00e1nsito y Seguridad [&hellip;]<\/p>\n","protected":false},"author":2476,"featured_media":45178,"comment_status":"open","ping_status":"open","sticky":false,"template":"","format":"standard","meta":{"_jetpack_memberships_contains_paid_content":false,"footnotes":""},"categories":[2],"tags":[],"class_list":["post-45177","post","type-post","status-publish","format-standard","has-post-thumbnail","hentry","category-estado"],"jetpack_featured_media_url":"https:\/\/encuentroinformativo.com.mx\/wp-content\/uploads\/2023\/09\/IMG-20230913-WA0102.jpg","jetpack_sharing_enabled":true,"jetpack_likes_enabled":true,"amp_enabled":true,"_links":{"self":[{"href":"https:\/\/encuentroinformativo.com.mx\/index.php?rest_route=\/wp\/v2\/posts\/45177","targetHints":{"allow":["GET"]}}],"collection":[{"href":"https:\/\/encuentroinformativo.com.mx\/index.php?rest_route=\/wp\/v2\/posts"}],"about":[{"href":"https:\/\/encuentroinformativo.com.mx\/index.php?rest_route=\/wp\/v2\/types\/post"}],"author":[{"embeddable":true,"href":"https:\/\/encuentroinformativo.com.mx\/index.php?rest_route=\/wp\/v2\/users\/2476"}],"replies":[{"embeddable":true,"href":"https:\/\/encuentroinformativo.com.mx\/index.php?rest_route=%2Fwp%2Fv2%2Fcomments&post=45177"}],"version-history":[{"count":1,"href":"https:\/\/encuentroinformativo.com.mx\/index.php?rest_route=\/wp\/v2\/posts\/45177\/revisions"}],"predecessor-version":[{"id":45179,"href":"https:\/\/encuentroinformativo.com.mx\/index.php?rest_route=\/wp\/v2\/posts\/45177\/revisions\/45179"}],"wp:featuredmedia":[{"embeddable":true,"href":"https:\/\/encuentroinformativo.com.mx\/index.php?rest_route=\/wp\/v2\/media\/45178"}],"wp:attachment":[{"href":"https:\/\/encuentroinformativo.com.mx\/index.php?rest_route=%2Fwp%2Fv2%2Fmedia&parent=45177"}],"wp:term":[{"taxonomy":"category","embeddable":true,"href":"https:\/\/encuentroinformativo.com.mx\/index.php?rest_route=%2Fwp%2Fv2%2Fcategories&post=45177"},{"taxonomy":"post_tag","embeddable":true,"href":"https:\/\/encuentroinformativo.com.mx\/index.php?rest_route=%2Fwp%2Fv2%2Ftags&post=45177"}],"curies":[{"name":"wp","href":"https:\/\/api.w.org\/{rel}","templated":true}]}}