{"id":45180,"date":"2023-09-13T18:13:10","date_gmt":"2023-09-14T00:13:10","guid":{"rendered":"https:\/\/encuentroinformativo.com.mx\/?p=45180"},"modified":"2023-09-13T18:13:14","modified_gmt":"2023-09-14T00:13:14","slug":"atiende-alcalde-ahued-a-manifestantes-de-la-avenida-xalapa","status":"publish","type":"post","link":"https:\/\/encuentroinformativo.com.mx\/?p=45180","title":{"rendered":"Atiende Alcalde Ahued a manifestantes de la avenida Xalapa"},"content":{"rendered":"\n<p><strong>*Se realizar\u00e1 una intervenci\u00f3n de emergencia para mejorar la seguridad vial<\/strong>.<\/p>\n\n\n\n<p>Xalapa, Ver.- El presidente municipal Ricardo Ahued Bardahuil acudi\u00f3 esta tarde al cruce de las avenidas Manuel \u00c1vila Camacho y Xalapa para escuchar las peticiones de estudiantes que se manifestaron tras el incidente donde una alumna perdiera la vida.<\/p>\n\n\n\n<p>Tras concluir el bloqueo, el di\u00e1logo continu\u00f3 en el interior de la Facultad de Econom\u00eda, Geograf\u00eda y Estad\u00edstica de la Universidad Veracruzana (UV), donde se acord\u00f3 que se retirar\u00e1 el puente peatonal que ya no cumple sus funciones y construir\u00e1n un par de pasos peatonales, a nivel de banqueta, que brinden servicio a todas las personas.<\/p>\n\n\n\n<p>Tambi\u00e9n, se arreglar\u00e1n las banquetas, se instalar\u00e1n luminarias laterales en ambos lados de la avenida y se modificar\u00e1 la parada de autobuses para mejorar las condiciones de seguridad. Los trabajos se realizar\u00e1n de noche para no afectar el flujo vial.<\/p>\n\n\n\n<p>Acompa\u00f1ado por la regidora Mar\u00eda Guadalupe M\u00e1rquez Leonardo y el regidor Carlos Rugerio Mart\u00ednez, el Edil firm\u00f3 una minuta de acuerdos ante las y los representantes estudiantiles.<\/p>\n\n\n\n<p>Ricardo Ahued expres\u00f3 que todos estos acuerdos se cumplir\u00e1n con recursos que se liberar\u00e1n a la brevedad mediante un dictamen de emergencia emitido por el Cabildo.<\/p>\n\n\n\n<p>\u201cYo no quisiera m\u00e1s que decir a los j\u00f3venes que los atenderemos, hago eco de sus reclamos y lo m\u00e1s triste es la p\u00e9rdida humana, este accidente es lamentable y lo que los tres \u00f3rdenes de gobierno podamos hacer para evitarlos, es nuestra obligaci\u00f3n\u201d, asegur\u00f3.<\/p>\n\n\n\n<p>Estuvieron presentes, los directores de Participaci\u00f3n Ciudadana, Juan Mar\u00edn Viveros y de Alumbrado P\u00fablico, Juan Carlos Alem\u00e1n; el jefe del Departamento de Movilidad Urbana, Alfonso L\u00f3pez Pineda y autoridades universitarias.<\/p>\n","protected":false},"excerpt":{"rendered":"<p>*Se realizar\u00e1 una intervenci\u00f3n de emergencia para mejorar la seguridad vial. Xalapa, Ver.- El presidente municipal Ricardo Ahued Bardahuil acudi\u00f3 esta tarde al cruce de las avenidas Manuel \u00c1vila Camacho y Xalapa para escuchar las peticiones de estudiantes que se manifestaron tras el incidente donde una alumna perdiera la vida. Tras concluir el bloqueo, el [&hellip;]<\/p>\n","protected":false},"author":2476,"featured_media":45181,"comment_status":"open","ping_status":"open","sticky":false,"template":"","format":"standard","meta":{"_jetpack_memberships_contains_paid_content":false,"footnotes":""},"categories":[3],"tags":[],"class_list":["post-45180","post","type-post","status-publish","format-standard","has-post-thumbnail","hentry","category-xalapa"],"jetpack_featured_media_url":"https:\/\/encuentroinformativo.com.mx\/wp-content\/uploads\/2023\/09\/IMG-20230913-WA0121.jpg","jetpack_sharing_enabled":true,"jetpack_likes_enabled":true,"amp_enabled":true,"_links":{"self":[{"href":"https:\/\/encuentroinformativo.com.mx\/index.php?rest_route=\/wp\/v2\/posts\/45180","targetHints":{"allow":["GET"]}}],"collection":[{"href":"https:\/\/encuentroinformativo.com.mx\/index.php?rest_route=\/wp\/v2\/posts"}],"about":[{"href":"https:\/\/encuentroinformativo.com.mx\/index.php?rest_route=\/wp\/v2\/types\/post"}],"author":[{"embeddable":true,"href":"https:\/\/encuentroinformativo.com.mx\/index.php?rest_route=\/wp\/v2\/users\/2476"}],"replies":[{"embeddable":true,"href":"https:\/\/encuentroinformativo.com.mx\/index.php?rest_route=%2Fwp%2Fv2%2Fcomments&post=45180"}],"version-history":[{"count":1,"href":"https:\/\/encuentroinformativo.com.mx\/index.php?rest_route=\/wp\/v2\/posts\/45180\/revisions"}],"predecessor-version":[{"id":45182,"href":"https:\/\/encuentroinformativo.com.mx\/index.php?rest_route=\/wp\/v2\/posts\/45180\/revisions\/45182"}],"wp:featuredmedia":[{"embeddable":true,"href":"https:\/\/encuentroinformativo.com.mx\/index.php?rest_route=\/wp\/v2\/media\/45181"}],"wp:attachment":[{"href":"https:\/\/encuentroinformativo.com.mx\/index.php?rest_route=%2Fwp%2Fv2%2Fmedia&parent=45180"}],"wp:term":[{"taxonomy":"category","embeddable":true,"href":"https:\/\/encuentroinformativo.com.mx\/index.php?rest_route=%2Fwp%2Fv2%2Fcategories&post=45180"},{"taxonomy":"post_tag","embeddable":true,"href":"https:\/\/encuentroinformativo.com.mx\/index.php?rest_route=%2Fwp%2Fv2%2Ftags&post=45180"}],"curies":[{"name":"wp","href":"https:\/\/api.w.org\/{rel}","templated":true}]}}