{"id":45191,"date":"2023-09-14T14:22:52","date_gmt":"2023-09-14T20:22:52","guid":{"rendered":"https:\/\/encuentroinformativo.com.mx\/?p=45191"},"modified":"2023-09-14T14:22:57","modified_gmt":"2023-09-14T20:22:57","slug":"padres-reclaman-profesor-para-telesecundaria-de-altotonga","status":"publish","type":"post","link":"https:\/\/encuentroinformativo.com.mx\/?p=45191","title":{"rendered":"Padres reclaman profesor para telesecundaria de Altotonga"},"content":{"rendered":"\n<p><strong>Juan Arcos <\/strong><\/p>\n\n\n\n<p>Xalapa, Ver.- Padres de familia de la telesecundaria \u201cFrancisco Montes de Oca\u201d protestaron y tomaron las oficinas centrales de la Secretar\u00eda de Educaci\u00f3n de Veracruz (SEV), en la ciudad de Xalapa, debido a que desde marzo pasado carecen de un profesor.<\/p>\n\n\n\n<p>Los quejosos impidieron el acceso a la dependencia estatal, ubicada sobre la carretera federal Xalapa-Veracruz, para exigir que sean atendidas las necesidades de dicha escuela, ubicada en la comunidad de Ignacio Zaragoza del municipio de Altotonga.<\/p>\n\n\n\n<p>De acuerdo con una madre de familia, quien solo se identific\u00f3 como Ernestina, en junio pasado se manifestaron en las mismas oficinas de la SEV por la falta de un docente para el primer grado.<br>Sin embargo, los estudiantes de ese grupo pasaron al segundo grado y contin\u00faan sin un profesor, lo que les ocasiona un atraso en su desarrollo acad\u00e9mico.<\/p>\n\n\n\n<p>\u201cVenimos exigiendo maestro, ya venimos el pasado 3 de junio y no nos han resuelto nada y por eso volvimos a venir porque queremos maestros\u201d, expres\u00f3.<\/p>\n\n\n\n<p>Los inconformes indicaron que las autoridades les hab\u00edan prometido que iniciar\u00edan el ciclo escolar 2023-2024 con la totalidad de catedr\u00e1ticos; sin embargo, el problema persiste.\u201cNecesitamos un profesor para el segundo grado, son como 30 alumnos afectados, ya tiene como tres meses que est\u00e1n sin maestro. Nos dijeron que nos lo iban a mandar y no fue verdad\u201d, enfatiz\u00f3 do\u00f1a Ernestina.<\/p>\n\n\n\n<p>Los quejosos fueron recibidos y atendidos por parte de las autoridades educativas para dar seguimiento a sus demandas. Por ese motivo, los manifestantes liberaron las instalaciones de la SEV.<\/p>\n","protected":false},"excerpt":{"rendered":"<p>Juan Arcos Xalapa, Ver.- Padres de familia de la telesecundaria \u201cFrancisco Montes de Oca\u201d protestaron y tomaron las oficinas centrales de la Secretar\u00eda de Educaci\u00f3n de Veracruz (SEV), en la ciudad de Xalapa, debido a que desde marzo pasado carecen de un profesor. Los quejosos impidieron el acceso a la dependencia estatal, ubicada sobre la [&hellip;]<\/p>\n","protected":false},"author":2476,"featured_media":45192,"comment_status":"open","ping_status":"open","sticky":false,"template":"","format":"standard","meta":{"_jetpack_memberships_contains_paid_content":false,"footnotes":""},"categories":[8],"tags":[],"class_list":["post-45191","post","type-post","status-publish","format-standard","has-post-thumbnail","hentry","category-region"],"jetpack_featured_media_url":"https:\/\/encuentroinformativo.com.mx\/wp-content\/uploads\/2023\/09\/0c8fbf05-5131-41aa-81c8-c37a768686ab.jpg","jetpack_sharing_enabled":true,"jetpack_likes_enabled":true,"amp_enabled":true,"_links":{"self":[{"href":"https:\/\/encuentroinformativo.com.mx\/index.php?rest_route=\/wp\/v2\/posts\/45191","targetHints":{"allow":["GET"]}}],"collection":[{"href":"https:\/\/encuentroinformativo.com.mx\/index.php?rest_route=\/wp\/v2\/posts"}],"about":[{"href":"https:\/\/encuentroinformativo.com.mx\/index.php?rest_route=\/wp\/v2\/types\/post"}],"author":[{"embeddable":true,"href":"https:\/\/encuentroinformativo.com.mx\/index.php?rest_route=\/wp\/v2\/users\/2476"}],"replies":[{"embeddable":true,"href":"https:\/\/encuentroinformativo.com.mx\/index.php?rest_route=%2Fwp%2Fv2%2Fcomments&post=45191"}],"version-history":[{"count":1,"href":"https:\/\/encuentroinformativo.com.mx\/index.php?rest_route=\/wp\/v2\/posts\/45191\/revisions"}],"predecessor-version":[{"id":45193,"href":"https:\/\/encuentroinformativo.com.mx\/index.php?rest_route=\/wp\/v2\/posts\/45191\/revisions\/45193"}],"wp:featuredmedia":[{"embeddable":true,"href":"https:\/\/encuentroinformativo.com.mx\/index.php?rest_route=\/wp\/v2\/media\/45192"}],"wp:attachment":[{"href":"https:\/\/encuentroinformativo.com.mx\/index.php?rest_route=%2Fwp%2Fv2%2Fmedia&parent=45191"}],"wp:term":[{"taxonomy":"category","embeddable":true,"href":"https:\/\/encuentroinformativo.com.mx\/index.php?rest_route=%2Fwp%2Fv2%2Fcategories&post=45191"},{"taxonomy":"post_tag","embeddable":true,"href":"https:\/\/encuentroinformativo.com.mx\/index.php?rest_route=%2Fwp%2Fv2%2Ftags&post=45191"}],"curies":[{"name":"wp","href":"https:\/\/api.w.org\/{rel}","templated":true}]}}